{"id":23203,"date":"2026-04-24T14:10:46","date_gmt":"2026-04-24T12:10:46","guid":{"rendered":"https:\/\/lideropositor.com\/web\/?p=23203"},"modified":"2026-04-26T14:18:46","modified_gmt":"2026-04-26T12:18:46","slug":"abierto-plazo-de-solicitudes-2-plazas-administrativo-a-ayuntamiento-de-santa-fe-granada-2","status":"publish","type":"post","link":"https:\/\/lideropositor.com\/web\/abierto-plazo-de-solicitudes-2-plazas-administrativo-a-ayuntamiento-de-santa-fe-granada-2\/","title":{"rendered":"Abierto Plazo de Solicitudes 2 Plazas Administrativo\/a Ayuntamiento de Santa Fe (Granada)"},"content":{"rendered":"\n<p class=\"has-vivid-red-color has-text-color has-link-color wp-elements-8db9bf9ddda43b7ae6b34ab032c2313c\"><strong>Preparaci\u00f3n Integral en Modalidad Online (a trav\u00e9s de clases en directo con acceso a las grabaciones) o en modalidad Presencial (Grupos de Inicio y Mantenimiento para Administrativo\/a y Auxiliar Administrativo\/a). Inf\u00f3rmate a trav\u00e9s de los tel\u00e9fonos 951026027 \/ 722839704 o en info@lideropositor.com<\/strong><\/p>\n\n\n\n<p>En el BOE de 24 de Abril de 2026 se ha publicado la Apertura del plazo de solicitudes para proveer\u00a0<strong>2 Plazas de Administrativo\/a\u00a0<\/strong>en el Ayuntamiento de Santa Fe (Granada).<\/p>\n\n\n\n<p><strong>La presentaci\u00f3n de solicitudes se desarrollar\u00e1 entre el 27 de Abril de 2026 y el 25 de Mayo de 2026.<\/strong><\/p>\n\n\n\n<p><a href=\"https:\/\/www.boe.es\/boe\/dias\/2026\/04\/24\/pdfs\/BOE-A-2026-8998.pdf\" target=\"_blank\" rel=\"noopener\">https:\/\/www.boe.es\/boe\/dias\/2026\/04\/24\/pdfs\/BOE-A-2026-8998.pdf<\/a><\/p>\n\n\n\n<p><strong>Tasas de Examen:<\/strong>&nbsp;20 Euros.<\/p>\n\n\n\n<p><strong>Puedes realizar la Tramitaci\u00f3n Electr\u00f3nica de la Solicitud a trav\u00e9s del siguiente Enlace:<\/strong><\/p>\n\n\n\n<p><a href=\"https:\/\/santafe.sedelectronica.es\/info.0\" target=\"_blank\" rel=\"noopener\">https:\/\/santafe.sedelectronica.es\/info.0<\/a><\/p>\n\n\n\n<p><strong>El Modelo de Solicitud se encuentra en las Bases de Convocatoria como Anexo I.<\/strong><\/p>\n\n\n\n<p>En el Bolet\u00edn Oficial de la Provincia de Granada de 14 de Abril de 2026, se han publicado las Bases de Convocatoria para proveer\u00a0<strong>2 Plazas de Administrativo\/a<\/strong>\u00a0en el Ayuntamiento de Santa Fe (Granada).<\/p>\n\n\n\n<p><a href=\"https:\/\/bop.dipgra.es\/export\/sites\/bop\/.galleries\/Documentos-Anuncios-en-PDF\/firmado-1776121370191-final-497321b9.pdf\" target=\"_blank\" rel=\"noopener\">https:\/\/bop.dipgra.es\/export\/sites\/bop\/.galleries\/Documentos-Anuncios-en-PDF\/firmado-1776121370191-final-497321b9.pdf<\/a><\/p>\n","protected":false},"excerpt":{"rendered":"<p>Preparaci\u00f3n Integral en Modalidad Online (a trav\u00e9s de clases en directo con acceso a las grabaciones) o en modalidad Presencial (Grupos de Inicio y Mantenimiento para Administrativo\/a y Auxiliar Administrativo\/a). Inf\u00f3rmate a trav\u00e9s de los tel\u00e9fonos 951026027 \/ 722839704 o en info@lideropositor.com En el BOE de 24 de Abril de 2026 se ha publicado la [&hellip;]<\/p>\n","protected":false},"author":2,"featured_media":23204,"comment_status":"open","ping_status":"open","sticky":false,"template":"","format":"standard","meta":{"_et_pb_use_builder":"","_et_pb_old_content":"","_monsterinsights_skip_tracking":false,"_monsterinsights_sitenote_active":false,"_monsterinsights_sitenote_note":"","_monsterinsights_sitenote_category":0,"_joinchat":[],"footnotes":""},"categories":[2,3,4,5,9],"tags":[37],"class_list":["post-23203","post","type-post","status-publish","format-standard","has-post-thumbnail","hentry","category-administracion-local","category-grupo-c1-bachiller-o-tecnico-y-equivalentes","category-oposiciones","category-locales","category-titulacion-acceso","tag-oposiciones-ayuntamiento"],"_links":{"self":[{"href":"https:\/\/lideropositor.com\/web\/wp-json\/wp\/v2\/posts\/23203"}],"collection":[{"href":"https:\/\/lideropositor.com\/web\/wp-json\/wp\/v2\/posts"}],"about":[{"href":"https:\/\/lideropositor.com\/web\/wp-json\/wp\/v2\/types\/post"}],"author":[{"embeddable":true,"href":"https:\/\/lideropositor.com\/web\/wp-json\/wp\/v2\/users\/2"}],"replies":[{"embeddable":true,"href":"https:\/\/lideropositor.com\/web\/wp-json\/wp\/v2\/comments?post=23203"}],"version-history":[{"count":1,"href":"https:\/\/lideropositor.com\/web\/wp-json\/wp\/v2\/posts\/23203\/revisions"}],"predecessor-version":[{"id":23205,"href":"https:\/\/lideropositor.com\/web\/wp-json\/wp\/v2\/posts\/23203\/revisions\/23205"}],"wp:featuredmedia":[{"embeddable":true,"href":"https:\/\/lideropositor.com\/web\/wp-json\/wp\/v2\/media\/23204"}],"wp:attachment":[{"href":"https:\/\/lideropositor.com\/web\/wp-json\/wp\/v2\/media?parent=23203"}],"wp:term":[{"taxonomy":"category","embeddable":true,"href":"https:\/\/lideropositor.com\/web\/wp-json\/wp\/v2\/categories?post=23203"},{"taxonomy":"post_tag","embeddable":true,"href":"https:\/\/lideropositor.com\/web\/wp-json\/wp\/v2\/tags?post=23203"}],"curies":[{"name":"wp","href":"https:\/\/api.w.org\/{rel}","templated":true}]}}