{"id":22220,"date":"2026-01-13T10:52:29","date_gmt":"2026-01-13T09:52:29","guid":{"rendered":"https:\/\/lideropositor.com\/web\/?p=22220"},"modified":"2026-01-18T11:04:01","modified_gmt":"2026-01-18T10:04:01","slug":"apertura-plazo-solicitudes-25-plazas-escala-administrativa-universidad-pablo-de-olavide-sevilla","status":"publish","type":"post","link":"https:\/\/lideropositor.com\/web\/apertura-plazo-solicitudes-25-plazas-escala-administrativa-universidad-pablo-de-olavide-sevilla\/","title":{"rendered":"Apertura Plazo Solicitudes 25 Plazas Escala Administrativa Universidad Pablo de Olavide (Sevilla)"},"content":{"rendered":"\n<p>En el Bolet\u00edn Oficial del Estado de 13 de Enero de 2026 se ha publicado la Apertura del plazo de solicitudes y las Bases de Convocatoria para cubrir\u00a0<strong>25 Plazas de la Escala Administrativa<\/strong>\u00a0<strong>(4 de ellas reservadas al Turno de Discapacidad<\/strong>) en la Universidad Pablo de Olavide (Sevilla).<\/p>\n\n\n\n<p><a href=\"https:\/\/www.boe.es\/boe\/dias\/2026\/01\/13\/pdfs\/BOE-A-2026-714.pdf\" target=\"_blank\" rel=\"noopener\">https:\/\/www.boe.es\/boe\/dias\/2026\/01\/13\/pdfs\/BOE-A-2026-714.pdf<\/a><\/p>\n\n\n\n<p>La presentaci\u00f3n de solicitudes se desarrollar\u00e1 entre el 14 de Enero de 2026 y el 03 de Febrero de 2026.<\/p>\n\n\n\n<p><strong>Tasas de Examen<\/strong>: 27 Euros.<\/p>\n\n\n\n<p><strong>Quienes deseen participar en esta convocatoria deber\u00e1n presentar su instancia, a trav\u00e9s de la Sede Electr\u00f3nica de la Universidad Pablo de Olavide a la que puedes acceder a trav\u00e9s del siguiente Enlace:<\/strong><\/p>\n\n\n\n<p><a href=\"https:\/\/sede.upo.es\/opencms\/system\/modules\/sede\/index\" target=\"_blank\" rel=\"noopener\">https:\/\/sede.upo.es\/opencms\/system\/modules\/sede\/index<\/a><\/p>\n","protected":false},"excerpt":{"rendered":"<p>En el Bolet\u00edn Oficial del Estado de 13 de Enero de 2026 se ha publicado la Apertura del plazo de solicitudes y las Bases de Convocatoria para cubrir\u00a025 Plazas de la Escala Administrativa\u00a0(4 de ellas reservadas al Turno de Discapacidad) en la Universidad Pablo de Olavide (Sevilla). https:\/\/www.boe.es\/boe\/dias\/2026\/01\/13\/pdfs\/BOE-A-2026-714.pdf La presentaci\u00f3n de solicitudes se desarrollar\u00e1 entre [&hellip;]<\/p>\n","protected":false},"author":2,"featured_media":22221,"comment_status":"open","ping_status":"open","sticky":false,"template":"","format":"standard","meta":{"_et_pb_use_builder":"","_et_pb_old_content":"","_monsterinsights_skip_tracking":false,"_monsterinsights_sitenote_active":false,"_monsterinsights_sitenote_note":"","_monsterinsights_sitenote_category":0,"_joinchat":[],"footnotes":""},"categories":[2,3,4,5,9,22],"tags":[40],"class_list":["post-22220","post","type-post","status-publish","format-standard","has-post-thumbnail","hentry","category-administracion-local","category-grupo-c1-bachiller-o-tecnico-y-equivalentes","category-oposiciones","category-locales","category-titulacion-acceso","category-universidad","tag-oposiciones-universidad"],"_links":{"self":[{"href":"https:\/\/lideropositor.com\/web\/wp-json\/wp\/v2\/posts\/22220"}],"collection":[{"href":"https:\/\/lideropositor.com\/web\/wp-json\/wp\/v2\/posts"}],"about":[{"href":"https:\/\/lideropositor.com\/web\/wp-json\/wp\/v2\/types\/post"}],"author":[{"embeddable":true,"href":"https:\/\/lideropositor.com\/web\/wp-json\/wp\/v2\/users\/2"}],"replies":[{"embeddable":true,"href":"https:\/\/lideropositor.com\/web\/wp-json\/wp\/v2\/comments?post=22220"}],"version-history":[{"count":1,"href":"https:\/\/lideropositor.com\/web\/wp-json\/wp\/v2\/posts\/22220\/revisions"}],"predecessor-version":[{"id":22222,"href":"https:\/\/lideropositor.com\/web\/wp-json\/wp\/v2\/posts\/22220\/revisions\/22222"}],"wp:featuredmedia":[{"embeddable":true,"href":"https:\/\/lideropositor.com\/web\/wp-json\/wp\/v2\/media\/22221"}],"wp:attachment":[{"href":"https:\/\/lideropositor.com\/web\/wp-json\/wp\/v2\/media?parent=22220"}],"wp:term":[{"taxonomy":"category","embeddable":true,"href":"https:\/\/lideropositor.com\/web\/wp-json\/wp\/v2\/categories?post=22220"},{"taxonomy":"post_tag","embeddable":true,"href":"https:\/\/lideropositor.com\/web\/wp-json\/wp\/v2\/tags?post=22220"}],"curies":[{"name":"wp","href":"https:\/\/api.w.org\/{rel}","templated":true}]}}