{"id":22168,"date":"2026-02-28T12:36:10","date_gmt":"2026-02-28T11:36:10","guid":{"rendered":"https:\/\/lideropositor.com\/web\/?p=22168"},"modified":"2026-03-08T09:56:30","modified_gmt":"2026-03-08T08:56:30","slug":"relacion-provisional-aspirantes-admitidos-y-excluidos-103-plazas-administrativo-de-la-administracion-del-estado-especialidad-de-estadistica","status":"publish","type":"post","link":"https:\/\/lideropositor.com\/web\/relacion-provisional-aspirantes-admitidos-y-excluidos-103-plazas-administrativo-de-la-administracion-del-estado-especialidad-de-estadistica\/","title":{"rendered":"Relaci\u00f3n Provisional Aspirantes Admitidos y Excluidos 103 Plazas Administrativo de la Administraci\u00f3n del Estado, Especialidad de Estad\u00edstica"},"content":{"rendered":"\n<p>En el BOE de 28 de Febrero de 2026 se publica la Relaci\u00f3n Provisional de Admitidos y Excluidos para la selecci\u00f3n de\u00a0<strong>103 Plazas en el Cuerpo General Administrativo de la Administraci\u00f3n del Estado, Especialidad de Estad\u00edstica.<\/strong><\/p>\n\n\n\n<p>Se concede a los aspirantes un plazo de diez d\u00edas h\u00e1biles, contados a partir del siguiente al de la publicaci\u00f3n de la presente Resoluci\u00f3n en el BOE, para que tanto los aspirantes excluidos como los omitidos, por no figurar en las listas de admitidos ni en la de excluidos, subsanen los defectos que hayan motivado su exclusi\u00f3n u omisi\u00f3n .\u00a0<strong>El plazo va desde el 02 de Marzo de 2026 al 13 de Marzo de 2026.<\/strong><\/p>\n\n\n\n<p><strong>Se convoca a los opositores admitidos para la realizaci\u00f3n del ejercicio, el d\u00eda 11 de abril de 2026, a las 11:00 horas, en el edificio de la Facultad de Ciencias Econ\u00f3micas y Empresariales de la Universidad Aut\u00f3noma de Madrid, ciudad Universitaria de Cantoblanco, calle Francisco Tom\u00e1s y Valiente, 5, 28049 Madrid.<\/strong><\/p>\n\n\n\n<p><a href=\"https:\/\/www.boe.es\/boe\/dias\/2026\/02\/28\/pdfs\/BOE-A-2026-4697.pdf\" target=\"_blank\" rel=\"noopener\">https:\/\/www.boe.es\/boe\/dias\/2026\/02\/28\/pdfs\/BOE-A-2026-4697.pdf<\/a><\/p>\n\n\n\n<p>En el BOE de 31 de Diciembre de 2025 se ha publicado la Apertura del plazo de solicitudes para cubrir&nbsp;<strong>103 Plazas en el Cuerpo General Administrativo de la Administraci\u00f3n del Estado, Especialidad de Estad\u00edstica.<\/strong><\/p>\n\n\n\n<p><strong>La presentaci\u00f3n de solicitudes se desarrollar\u00e1 entre el 02 de Enero de 2026 y el 30 de Enero de 2026.<\/strong><\/p>\n\n\n\n<p><a href=\"https:\/\/www.boe.es\/boe\/dias\/2025\/12\/31\/pdfs\/BOE-A-2025-27159.pdf\" target=\"_blank\" rel=\"noopener\">https:\/\/www.boe.es\/boe\/dias\/2025\/12\/31\/pdfs\/BOE-A-2025-27159.pdf<\/a><\/p>\n\n\n\n<p><strong>Tasas de Examen:<\/strong>&nbsp;15.57 Euros.<\/p>\n\n\n\n<p><strong>Para participar en estas pruebas selectivas se deber\u00e1 cumplimentar y presentar electr\u00f3nicamente la solicitud de admisi\u00f3n en el modelo oficial 790, en el siguiente Punto de Acceso General:<\/strong><\/p>\n\n\n\n<p><a href=\"https:\/\/ips.redsara.es\/IPSC\/secure\/buscarConvocatorias\" target=\"_blank\" rel=\"noopener\">https:\/\/ips.redsara.es\/IPSC\/secure\/buscarConvocatorias<\/a><\/p>\n\n\n\n<p><strong>La presentaci\u00f3n por esta v\u00eda permitir\u00e1:<\/strong><\/p>\n\n\n\n<ul class=\"wp-block-list\">\n<li>La inscripci\u00f3n en l\u00ednea en el modelo oficial (obligatorio).<\/li>\n\n\n\n<li>Anexar documentos a la solicitud (opcional).<\/li>\n\n\n\n<li>El pago electr\u00f3nico de las tasas, si procede (obligatorio)<\/li>\n\n\n\n<li>El registro electr\u00f3nico de la solicitud (obligatorio).<\/li>\n\n\n\n<li>La modificaci\u00f3n, durante el plazo de inscripci\u00f3n, de la solicitud registrada (opcional).<\/li>\n\n\n\n<li>La subsanaci\u00f3n de la solicitud, en su caso, durante el plazo otorgado a estos efectos, permitiendo completar o modificar los datos subsanables relacionados con la causa de exclusi\u00f3n, y\/o adjuntar la documentaci\u00f3n que se requiera para legitimar la subsanaci\u00f3n.<\/li>\n<\/ul>\n","protected":false},"excerpt":{"rendered":"<p>En el BOE de 28 de Febrero de 2026 se publica la Relaci\u00f3n Provisional de Admitidos y Excluidos para la selecci\u00f3n de\u00a0103 Plazas en el Cuerpo General Administrativo de la Administraci\u00f3n del Estado, Especialidad de Estad\u00edstica. Se concede a los aspirantes un plazo de diez d\u00edas h\u00e1biles, contados a partir del siguiente al de la [&hellip;]<\/p>\n","protected":false},"author":2,"featured_media":22169,"comment_status":"open","ping_status":"open","sticky":false,"template":"","format":"standard","meta":{"_et_pb_use_builder":"","_et_pb_old_content":"","_monsterinsights_skip_tracking":false,"_monsterinsights_sitenote_active":false,"_monsterinsights_sitenote_note":"","_monsterinsights_sitenote_category":0,"_joinchat":[],"footnotes":""},"categories":[17,3,4,11,9],"tags":[43],"class_list":["post-22168","post","type-post","status-publish","format-standard","has-post-thumbnail","hentry","category-administracion-estado","category-grupo-c1-bachiller-o-tecnico-y-equivalentes","category-oposiciones","category-espana","category-titulacion-acceso","tag-oposiciones-administracion-del-estado"],"_links":{"self":[{"href":"https:\/\/lideropositor.com\/web\/wp-json\/wp\/v2\/posts\/22168"}],"collection":[{"href":"https:\/\/lideropositor.com\/web\/wp-json\/wp\/v2\/posts"}],"about":[{"href":"https:\/\/lideropositor.com\/web\/wp-json\/wp\/v2\/types\/post"}],"author":[{"embeddable":true,"href":"https:\/\/lideropositor.com\/web\/wp-json\/wp\/v2\/users\/2"}],"replies":[{"embeddable":true,"href":"https:\/\/lideropositor.com\/web\/wp-json\/wp\/v2\/comments?post=22168"}],"version-history":[{"count":2,"href":"https:\/\/lideropositor.com\/web\/wp-json\/wp\/v2\/posts\/22168\/revisions"}],"predecessor-version":[{"id":22650,"href":"https:\/\/lideropositor.com\/web\/wp-json\/wp\/v2\/posts\/22168\/revisions\/22650"}],"wp:featuredmedia":[{"embeddable":true,"href":"https:\/\/lideropositor.com\/web\/wp-json\/wp\/v2\/media\/22169"}],"wp:attachment":[{"href":"https:\/\/lideropositor.com\/web\/wp-json\/wp\/v2\/media?parent=22168"}],"wp:term":[{"taxonomy":"category","embeddable":true,"href":"https:\/\/lideropositor.com\/web\/wp-json\/wp\/v2\/categories?post=22168"},{"taxonomy":"post_tag","embeddable":true,"href":"https:\/\/lideropositor.com\/web\/wp-json\/wp\/v2\/tags?post=22168"}],"curies":[{"name":"wp","href":"https:\/\/api.w.org\/{rel}","templated":true}]}}