{"id":21846,"date":"2026-02-23T10:26:36","date_gmt":"2026-02-23T09:26:36","guid":{"rendered":"https:\/\/lideropositor.com\/web\/?p=21846"},"modified":"2026-03-08T19:22:56","modified_gmt":"2026-03-08T18:22:56","slug":"oferta-empleo-publico-2025-de-personal-tecnico-de-gestion-y-de-administracion-y-servicios-universidad-de-cadiz","status":"publish","type":"post","link":"https:\/\/lideropositor.com\/web\/oferta-empleo-publico-2025-de-personal-tecnico-de-gestion-y-de-administracion-y-servicios-universidad-de-cadiz\/","title":{"rendered":"Oferta Empleo P\u00fablico 2025 de Personal T\u00e9cnico, de Gesti\u00f3n y de Administraci\u00f3n y Servicios Universidad de C\u00e1diz"},"content":{"rendered":"\n<p>En el Bolet\u00edn Oficial de la Junta de Andaluc\u00eda de 23 de Febrero de 2026 se ha aprobado la Oferta de Empleo P\u00fablico de 2025 de Personal T\u00e9cnico, de Gesti\u00f3n y de Administraci\u00f3n y Servicios de la universidad de C\u00e1diz.<\/p>\n\n\n\n<p>Las Plazas ofertadas correspondientes a la Tasa de Reposici\u00f3n son las siguientes:<\/p>\n\n\n\n<ul class=\"wp-block-list\">\n<li><strong>7 Plazas Escala Gesti\u00f3n Universitaria (1 Plaza reservada al Turno de discapacidad f\u00edsica y sensorial).<\/strong><\/li>\n\n\n\n<li><strong>3 Plazas Escala Gesti\u00f3n Universitaria (Especialidad Inform\u00e1tica) (1 Plaza reservada al Turno de discapacidad f\u00edsica y sensorial).<\/strong><\/li>\n\n\n\n<li><strong>2&nbsp;Plazas Ayudante de Archivos, Bibliotecas y Museos.<\/strong><\/li>\n\n\n\n<li><strong>1 Plaza Escala Auxiliar Administrativa.<\/strong><\/li>\n\n\n\n<li><strong>5 Plazas de T\u00e9cnico\/a Auxiliar de Servicios de Conserjer\u00eda (Personal Laboral).<\/strong><\/li>\n\n\n\n<li><strong>4 Plazas de T\u00e9cnico\/a Auxiliar STOEM (Personal Laboral)(1 Plaza reservada al Turno de discapacidad intelectual).<\/strong><\/li>\n\n\n\n<li><strong>3 Plazas de Titulado Superior de Apoyo a la Docencia y la Investigaci\u00f3n (Personal Laboral).<\/strong><\/li>\n\n\n\n<li><strong>2 Plazas de T\u00e9cnico\/a Auxiliar de Bibliotecas, Archivos y Museos (Personal Laboral) (1 Plaza reservada al Turno de Enfermedad Mental).<\/strong><\/li>\n\n\n\n<li><strong>2 Plazas de Titulado Grado Medio prevenci\u00f3n (Personal Laboral).<\/strong><\/li>\n\n\n\n<li><strong>1 Plaza de T\u00e9cnico Auxiliar de Laboratorio (Personal Laboral) (Plaza reservada al Turno de discapacidad f\u00edsica y sensorial).<\/strong><\/li>\n\n\n\n<li><strong>1 Plaza T\u00e9cnico\/a Auxiliar de Instalaciones Deportivas (Personal Laboral).<\/strong><\/li>\n\n\n\n<li><strong>1 Plaza de Titulado Superior de Prevenci\u00f3n (Personal Laboral).<\/strong><\/li>\n\n\n\n<li><strong>1 Plaza de T\u00e9cnico\/a Especialista (Personal Laboral).<\/strong><\/li>\n<\/ul>\n\n\n\n<p><a href=\"https:\/\/www.juntadeandalucia.es\/eboja\/2026\/36\/BOJA26-036-00002-2355-01_00333579.pdf\" target=\"_blank\" rel=\"noopener\">https:\/\/www.juntadeandalucia.es\/eboja\/2026\/36\/BOJA26-036-00002-2355-01_00333579.pdf<\/a><\/p>\n","protected":false},"excerpt":{"rendered":"<p>En el Bolet\u00edn Oficial de la Junta de Andaluc\u00eda de 23 de Febrero de 2026 se ha aprobado la Oferta de Empleo P\u00fablico de 2025 de Personal T\u00e9cnico, de Gesti\u00f3n y de Administraci\u00f3n y Servicios de la universidad de C\u00e1diz. Las Plazas ofertadas correspondientes a la Tasa de Reposici\u00f3n son las siguientes: https:\/\/www.juntadeandalucia.es\/eboja\/2026\/36\/BOJA26-036-00002-2355-01_00333579.pdf<\/p>\n","protected":false},"author":2,"featured_media":21847,"comment_status":"open","ping_status":"open","sticky":false,"template":"","format":"standard","meta":{"_et_pb_use_builder":"","_et_pb_old_content":"","_monsterinsights_skip_tracking":false,"_monsterinsights_sitenote_active":false,"_monsterinsights_sitenote_note":"","_monsterinsights_sitenote_category":0,"_joinchat":[],"footnotes":""},"categories":[2,13,3,6,4,5,15,9,22],"tags":[40],"class_list":["post-21846","post","type-post","status-publish","format-standard","has-post-thumbnail","hentry","category-administracion-local","category-grupo-a-titulo-grado-o-equivalente","category-grupo-c1-bachiller-o-tecnico-y-equivalentes","category-grupo-c2-titulo-eso-o-equivalente","category-oposiciones","category-locales","category-otras-plazas","category-titulacion-acceso","category-universidad","tag-oposiciones-universidad"],"_links":{"self":[{"href":"https:\/\/lideropositor.com\/web\/wp-json\/wp\/v2\/posts\/21846"}],"collection":[{"href":"https:\/\/lideropositor.com\/web\/wp-json\/wp\/v2\/posts"}],"about":[{"href":"https:\/\/lideropositor.com\/web\/wp-json\/wp\/v2\/types\/post"}],"author":[{"embeddable":true,"href":"https:\/\/lideropositor.com\/web\/wp-json\/wp\/v2\/users\/2"}],"replies":[{"embeddable":true,"href":"https:\/\/lideropositor.com\/web\/wp-json\/wp\/v2\/comments?post=21846"}],"version-history":[{"count":2,"href":"https:\/\/lideropositor.com\/web\/wp-json\/wp\/v2\/posts\/21846\/revisions"}],"predecessor-version":[{"id":22699,"href":"https:\/\/lideropositor.com\/web\/wp-json\/wp\/v2\/posts\/21846\/revisions\/22699"}],"wp:featuredmedia":[{"embeddable":true,"href":"https:\/\/lideropositor.com\/web\/wp-json\/wp\/v2\/media\/21847"}],"wp:attachment":[{"href":"https:\/\/lideropositor.com\/web\/wp-json\/wp\/v2\/media?parent=21846"}],"wp:term":[{"taxonomy":"category","embeddable":true,"href":"https:\/\/lideropositor.com\/web\/wp-json\/wp\/v2\/categories?post=21846"},{"taxonomy":"post_tag","embeddable":true,"href":"https:\/\/lideropositor.com\/web\/wp-json\/wp\/v2\/tags?post=21846"}],"curies":[{"name":"wp","href":"https:\/\/api.w.org\/{rel}","templated":true}]}}