{"id":21838,"date":"2025-11-17T19:41:15","date_gmt":"2025-11-17T18:41:15","guid":{"rendered":"https:\/\/lideropositor.com\/web\/?p=21838"},"modified":"2025-12-12T19:57:49","modified_gmt":"2025-12-12T18:57:49","slug":"oferta-empleo-publico-2025-personal-tecnico-de-gestion-y-de-administracion-y-servicios-universidad-granada","status":"publish","type":"post","link":"https:\/\/lideropositor.com\/web\/oferta-empleo-publico-2025-personal-tecnico-de-gestion-y-de-administracion-y-servicios-universidad-granada\/","title":{"rendered":"Oferta Empleo P\u00fablico 2025 Personal T\u00e9cnico, de Gesti\u00f3n y de Administraci\u00f3n y Servicios Universidad Granada"},"content":{"rendered":"\n<p>En el Bolet\u00edn Oficial de la Junta de Andaluc\u00eda de 17 de Noviembre de 2025 se ha aprobado la Oferta de Empleo P\u00fablico de 2025 del\u00a0<strong>Personal T\u00e9cnico, de Gesti\u00f3n y de Administraci\u00f3n y Servicios<\/strong>\u00a0de la universidad de Granada.<\/p>\n\n\n\n<p>Las Plazas ofertadas son las siguientes:<\/p>\n\n\n\n<ul class=\"wp-block-list\">\n<li><strong>36 Plazas Escala Administrativa (3 Plazas reservadas al Turno de discapacidad).<\/strong><\/li>\n\n\n\n<li><strong>9 Plazas Escala Auxiliar de Servicios Generales<\/strong> <strong>(5 Plazas reservadas al turno de discapacidad Intelectual).<\/strong><\/li>\n\n\n\n<li><strong>8 Plazas Escala de Auxiliares de Archivos, Bibliotecas y Museos<\/strong>.<\/li>\n\n\n\n<li><strong>7 Plazas de Escala de Gesti\u00f3n de Apoyo a la Docencia y a la Investigaci\u00f3n<\/strong>.<\/li>\n\n\n\n<li><strong>5 Plazas Escala B\u00e1sica de Inform\u00e1tica.<\/strong><\/li>\n\n\n\n<li><strong>4 Plazas Escala B\u00e1sica de Relaciones Internacionales.<\/strong><\/li>\n\n\n\n<li><strong>4 Plazas Escala de Gesti\u00f3n de Inform\u00e1tica<\/strong> <strong>(1 Plaza reservadas al Turno de discapacidad).<\/strong><\/li>\n\n\n\n<li><strong>3 Plazas Escala Auxiliar de Conservaci\u00f3n y Mantenimiento.<\/strong><\/li>\n\n\n\n<li><strong>2 Plazas Escala de Gesti\u00f3n de Responsabilidad Social e Igualdad.<\/strong><\/li>\n\n\n\n<li><strong>1 Plaza Escala T\u00e9cnica de de Prevenci\u00f3n y Salud Laboral.<\/strong><\/li>\n\n\n\n<li><strong>1 Plaza de Escala de Gesti\u00f3n Deportiva.<\/strong><\/li>\n<\/ul>\n\n\n\n<p><a href=\"https:\/\/www.juntadeandalucia.es\/eboja\/2025\/221\/BOJA25-221-00002-15311-01_00328908.pdf\" target=\"_blank\" rel=\"noopener\">https:\/\/www.juntadeandalucia.es\/eboja\/2025\/221\/BOJA25-221-00002-15311-01_00328908.pdf<\/a><\/p>\n","protected":false},"excerpt":{"rendered":"<p>En el Bolet\u00edn Oficial de la Junta de Andaluc\u00eda de 17 de Noviembre de 2025 se ha aprobado la Oferta de Empleo P\u00fablico de 2025 del\u00a0Personal T\u00e9cnico, de Gesti\u00f3n y de Administraci\u00f3n y Servicios\u00a0de la universidad de Granada. Las Plazas ofertadas son las siguientes: https:\/\/www.juntadeandalucia.es\/eboja\/2025\/221\/BOJA25-221-00002-15311-01_00328908.pdf<\/p>\n","protected":false},"author":2,"featured_media":21839,"comment_status":"open","ping_status":"open","sticky":false,"template":"","format":"standard","meta":{"_et_pb_use_builder":"","_et_pb_old_content":"","_monsterinsights_skip_tracking":false,"_monsterinsights_sitenote_active":false,"_monsterinsights_sitenote_note":"","_monsterinsights_sitenote_category":0,"_joinchat":[],"footnotes":""},"categories":[2,13,3,6,4,5,15,9,22],"tags":[40],"class_list":["post-21838","post","type-post","status-publish","format-standard","has-post-thumbnail","hentry","category-administracion-local","category-grupo-a-titulo-grado-o-equivalente","category-grupo-c1-bachiller-o-tecnico-y-equivalentes","category-grupo-c2-titulo-eso-o-equivalente","category-oposiciones","category-locales","category-otras-plazas","category-titulacion-acceso","category-universidad","tag-oposiciones-universidad"],"_links":{"self":[{"href":"https:\/\/lideropositor.com\/web\/wp-json\/wp\/v2\/posts\/21838"}],"collection":[{"href":"https:\/\/lideropositor.com\/web\/wp-json\/wp\/v2\/posts"}],"about":[{"href":"https:\/\/lideropositor.com\/web\/wp-json\/wp\/v2\/types\/post"}],"author":[{"embeddable":true,"href":"https:\/\/lideropositor.com\/web\/wp-json\/wp\/v2\/users\/2"}],"replies":[{"embeddable":true,"href":"https:\/\/lideropositor.com\/web\/wp-json\/wp\/v2\/comments?post=21838"}],"version-history":[{"count":1,"href":"https:\/\/lideropositor.com\/web\/wp-json\/wp\/v2\/posts\/21838\/revisions"}],"predecessor-version":[{"id":21840,"href":"https:\/\/lideropositor.com\/web\/wp-json\/wp\/v2\/posts\/21838\/revisions\/21840"}],"wp:featuredmedia":[{"embeddable":true,"href":"https:\/\/lideropositor.com\/web\/wp-json\/wp\/v2\/media\/21839"}],"wp:attachment":[{"href":"https:\/\/lideropositor.com\/web\/wp-json\/wp\/v2\/media?parent=21838"}],"wp:term":[{"taxonomy":"category","embeddable":true,"href":"https:\/\/lideropositor.com\/web\/wp-json\/wp\/v2\/categories?post=21838"},{"taxonomy":"post_tag","embeddable":true,"href":"https:\/\/lideropositor.com\/web\/wp-json\/wp\/v2\/tags?post=21838"}],"curies":[{"name":"wp","href":"https:\/\/api.w.org\/{rel}","templated":true}]}}