{"id":20804,"date":"2025-10-20T21:13:46","date_gmt":"2025-10-20T19:13:46","guid":{"rendered":"https:\/\/lideropositor.com\/web\/?p=20804"},"modified":"2025-10-22T12:06:35","modified_gmt":"2025-10-22T10:06:35","slug":"relacion-definitiva-de-personas-admitidas-y-excluidas-150-plazas-escala-ejecutiva-policia-nacional-3","status":"publish","type":"post","link":"https:\/\/lideropositor.com\/web\/relacion-definitiva-de-personas-admitidas-y-excluidas-150-plazas-escala-ejecutiva-policia-nacional-3\/","title":{"rendered":"Relaci\u00f3n Definitiva de Personas Admitidas y Excluidas 150 Plazas Escala Ejecutiva Polic\u00eda Nacional"},"content":{"rendered":"\n<p>En el BOE de 20 de Octubre de 2025 se anuncia la publicaci\u00f3n de la Relaci\u00f3n Definitiva de Personas Admitidas y Excluidas para la selecci\u00f3n de\u00a0<strong>150 Plazas en la Escala Ejecutiva de la Polic\u00eda Nacional.<\/strong><\/p>\n\n\n\n<p><a href=\"https:\/\/www.boe.es\/boe\/dias\/2025\/10\/20\/pdfs\/BOE-A-2025-21059.pdf\" target=\"_blank\" rel=\"noopener\">https:\/\/www.boe.es\/boe\/dias\/2025\/10\/20\/pdfs\/BOE-A-2025-21059.pdf<\/a><\/p>\n\n\n\n<p>En el BOE de 16 de Septiembre de 2025 se anuncia la publicaci\u00f3n de la Relaci\u00f3n Provisional de Personas Admitidas y Excluidas para la selecci\u00f3n de&nbsp;<strong>150 Plazas en la Escala Ejecutiva de la Polic\u00eda Nacional.<\/strong><\/p>\n\n\n\n<p>Se concede a los aspirantes un plazo de diez d\u00edas h\u00e1biles a contar desde el siguiente al de la publicaci\u00f3n de esta resoluci\u00f3n para subsanar los defectos que hayan motivado la exclusi\u00f3n.&nbsp;<strong>El plazo va desde el 17 de Septiembre de 2025 al 30 de Septiembre de 2025.<\/strong><\/p>\n\n\n\n<p><a href=\"https:\/\/www.boe.es\/boe\/dias\/2025\/09\/16\/pdfs\/BOE-A-2025-18321.pdf\" target=\"_blank\" rel=\"noopener\">https:\/\/www.boe.es\/boe\/dias\/2025\/09\/16\/pdfs\/BOE-A-2025-18321.pdf<\/a><\/p>\n\n\n\n<p>En el BOE de 11 de Agosto de 2025 se ha publicado la Apertura del plazo de solicitudes de&nbsp;<strong>150 Plazas en la Escala Ejecutiva de la Polic\u00eda Nacional<\/strong>.<\/p>\n\n\n\n<p><a href=\"https:\/\/www.boe.es\/boe\/dias\/2025\/08\/11\/pdfs\/BOE-A-2025-16611.pdf\" target=\"_blank\" rel=\"noopener\">https:\/\/www.boe.es\/boe\/dias\/2025\/08\/11\/pdfs\/BOE-A-2025-16611.pdf<\/a><\/p>\n\n\n\n<p>La presentaci\u00f3n de solicitudes se desarrollar\u00e1 entre el 12 de Agosto de 2025 y el 02 de Septiembre de 2025.<\/p>\n\n\n\n<p><strong>Tasas de Examen:<\/strong>&nbsp;31.10 Euros.<\/p>\n\n\n\n<p><strong>En las Bases de Convocatoria se indica el procedimiento a seguir para la Gesti\u00f3n de la solicitud, que se realizar\u00e1 a trav\u00e9s de la Sede Electr\u00f3nica de la Polic\u00eda Nacional, seleccionando portal del aspirante (Procesos Selectivos) <\/strong>al <strong>que puedes acceder en el siguiente Enlace:<\/strong><\/p>\n\n\n\n<p><a href=\"https:\/\/policia.es\/_es\/index.php\" target=\"_blank\" rel=\"noopener\">https:\/\/policia.es\/_es\/index.php<\/a><\/p>\n","protected":false},"excerpt":{"rendered":"<p>En el BOE de 20 de Octubre de 2025 se anuncia la publicaci\u00f3n de la Relaci\u00f3n Definitiva de Personas Admitidas y Excluidas para la selecci\u00f3n de\u00a0150 Plazas en la Escala Ejecutiva de la Polic\u00eda Nacional. https:\/\/www.boe.es\/boe\/dias\/2025\/10\/20\/pdfs\/BOE-A-2025-21059.pdf En el BOE de 16 de Septiembre de 2025 se anuncia la publicaci\u00f3n de la Relaci\u00f3n Provisional de Personas [&hellip;]<\/p>\n","protected":false},"author":2,"featured_media":20805,"comment_status":"open","ping_status":"open","sticky":false,"template":"","format":"standard","meta":{"_et_pb_use_builder":"","_et_pb_old_content":"","_monsterinsights_skip_tracking":false,"_monsterinsights_sitenote_active":false,"_monsterinsights_sitenote_note":"","_monsterinsights_sitenote_category":0,"_joinchat":[],"footnotes":""},"categories":[13,4,11,23,9],"tags":[39],"class_list":["post-20804","post","type-post","status-publish","format-standard","has-post-thumbnail","hentry","category-grupo-a-titulo-grado-o-equivalente","category-oposiciones","category-espana","category-policia-nacional","category-titulacion-acceso","tag-oposiciones-policia-nacional"],"_links":{"self":[{"href":"https:\/\/lideropositor.com\/web\/wp-json\/wp\/v2\/posts\/20804"}],"collection":[{"href":"https:\/\/lideropositor.com\/web\/wp-json\/wp\/v2\/posts"}],"about":[{"href":"https:\/\/lideropositor.com\/web\/wp-json\/wp\/v2\/types\/post"}],"author":[{"embeddable":true,"href":"https:\/\/lideropositor.com\/web\/wp-json\/wp\/v2\/users\/2"}],"replies":[{"embeddable":true,"href":"https:\/\/lideropositor.com\/web\/wp-json\/wp\/v2\/comments?post=20804"}],"version-history":[{"count":3,"href":"https:\/\/lideropositor.com\/web\/wp-json\/wp\/v2\/posts\/20804\/revisions"}],"predecessor-version":[{"id":21390,"href":"https:\/\/lideropositor.com\/web\/wp-json\/wp\/v2\/posts\/20804\/revisions\/21390"}],"wp:featuredmedia":[{"embeddable":true,"href":"https:\/\/lideropositor.com\/web\/wp-json\/wp\/v2\/media\/20805"}],"wp:attachment":[{"href":"https:\/\/lideropositor.com\/web\/wp-json\/wp\/v2\/media?parent=20804"}],"wp:term":[{"taxonomy":"category","embeddable":true,"href":"https:\/\/lideropositor.com\/web\/wp-json\/wp\/v2\/categories?post=20804"},{"taxonomy":"post_tag","embeddable":true,"href":"https:\/\/lideropositor.com\/web\/wp-json\/wp\/v2\/tags?post=20804"}],"curies":[{"name":"wp","href":"https:\/\/api.w.org\/{rel}","templated":true}]}}