{"id":20135,"date":"2025-06-05T11:46:15","date_gmt":"2025-06-05T09:46:15","guid":{"rendered":"https:\/\/lideropositor.com\/web\/?p=20135"},"modified":"2025-06-08T12:05:46","modified_gmt":"2025-06-08T10:05:46","slug":"oferta-empleo-publico-2025-personal-tecnico-de-gestion-y-de-administracion-y-servicios-universidad-de-cordoba","status":"publish","type":"post","link":"https:\/\/lideropositor.com\/web\/oferta-empleo-publico-2025-personal-tecnico-de-gestion-y-de-administracion-y-servicios-universidad-de-cordoba\/","title":{"rendered":"Oferta Empleo P\u00fablico 2025 Personal T\u00e9cnico, de Gesti\u00f3n y de Administraci\u00f3n y Servicios Universidad de C\u00f3rdoba"},"content":{"rendered":"\n<p>En el Bolet\u00edn Oficial de la Junta de Andaluc\u00eda de 05 de Junio de 2025 se ha publicado la Oferta de Empleo P\u00fablico de 2025 del\u00a0<strong>Personal T\u00e9cnico, de Gesti\u00f3n y de Administraci\u00f3n y Servicios de la universidad de C\u00f3rdoba.<\/strong><\/p>\n\n\n\n<p>Las Plazas ofertadas son las siguientes:<\/p>\n\n\n\n<ul class=\"wp-block-list\">\n<li><strong>5 Plazas Escala Administrativa (1 Plaza reservada para otras discapacidades).<\/strong><\/li>\n\n\n\n<li><strong>5 Plazas de la Escala Gesti\u00f3n Universitaria.<\/strong><\/li>\n\n\n\n<li><strong>1 Plaza de la Escala Facultativo de A.B.M.<\/strong><\/li>\n\n\n\n<li><strong>1 Plaza de la Escala Ayudante de A.B.M.<\/strong><\/li>\n\n\n\n<li><strong>4 Plazas de T\u00e9cnico Especialista S.T.O.E.M (Unidad T\u00e9cnica) (1 plaza reservada otras discapacidades) (Persnal Laboral).<\/strong><\/li>\n\n\n\n<li><strong>3 Plazas de Titulado Grado Medio ADI Laboratorio (Personal Laboral).<\/strong><\/li>\n\n\n\n<li><strong>2 Plazas de T\u00e9cnico Especialista Conserjer\u00eda (Personal Laboral).<\/strong><\/li>\n\n\n\n<li><strong>3 Plazas de T\u00e9cnico Especialista Laboratorio (1 plaza reservada para otras discapacidades) (Personal Laboral).<\/strong><\/li>\n\n\n\n<li><strong>2 Plazas de T\u00e9cnico Especialista S.T.O.E.M (Comunicaciones y Seguridad, \u00c1rea Tecnolog\u00edas de la Informaci\u00f3n) (Personal Laboral).<\/strong><\/li>\n\n\n\n<li><strong>2 Plazas de Titulado Grado Medio (Biblioteca) (Personal Laboral).<\/strong><\/li>\n\n\n\n<li><strong>2 Plazas de Titulado Grado Medio ADI (SCAI) (Personal Laboral).<\/strong><\/li>\n\n\n\n<li><strong>2 Plazas de T\u00e9cnico Especialista B.A.M. (1 Plaza reservada a discapacidad intelectual) (Personal Laboral).<\/strong><\/li>\n\n\n\n<li><strong>1 Plaza T\u00e9cnico Especialista Laboratorio (Planta Piloto) (Personal Laboral).<\/strong><\/li>\n\n\n\n<li><strong>1 Plaza T\u00e9cnico Especialista Laboratorio (SAEX) (Personal Laboral).<\/strong><\/li>\n\n\n\n<li><strong>1 Plaza T\u00e9cnico Especialista PRL (Personal Laboral).<\/strong><\/li>\n\n\n\n<li><strong>1 Plaza Titulado Grado Medio ADI (SAEX) (Personal Laboral).<\/strong><\/li>\n\n\n\n<li><strong>1 Plaza Titulado Grado Medio (Ucodigital) (Personal Laboral).<\/strong><\/li>\n\n\n\n<li><strong>1 Plaza Titulado Grado Medio S.T.O.E.M. (UAT) (Personal Laboral).<\/strong><\/li>\n\n\n\n<li><strong>1 Plaza Titulado Superior S.T.O.E.M. (Arquitecto) (Personal Laboral).<\/strong><\/li>\n\n\n\n<li><strong>1 Plaza Titulado Superior S.T.O.E.M. (Unidad T\u00e9cnica, esp. Ing. Industrial) (Personal Laboral).<\/strong><\/li>\n\n\n\n<li><strong>1 Plaza Titulado Superior Prensa e Informaci\u00f3n (UCCi) (Personal Laboral).<\/strong><\/li>\n<\/ul>\n\n\n\n<p><a href=\"https:\/\/www.juntadeandalucia.es\/eboja\/2025\/106\/BOJA25-106-00004-7907-01_00321505.pdf\" target=\"_blank\" rel=\"noopener\">https:\/\/www.juntadeandalucia.es\/eboja\/2025\/106\/BOJA25-106-00004-7907-01_00321505.pdf<\/a><\/p>\n","protected":false},"excerpt":{"rendered":"<p>En el Bolet\u00edn Oficial de la Junta de Andaluc\u00eda de 05 de Junio de 2025 se ha publicado la Oferta de Empleo P\u00fablico de 2025 del\u00a0Personal T\u00e9cnico, de Gesti\u00f3n y de Administraci\u00f3n y Servicios de la universidad de C\u00f3rdoba. Las Plazas ofertadas son las siguientes: https:\/\/www.juntadeandalucia.es\/eboja\/2025\/106\/BOJA25-106-00004-7907-01_00321505.pdf<\/p>\n","protected":false},"author":2,"featured_media":20136,"comment_status":"open","ping_status":"open","sticky":false,"template":"","format":"standard","meta":{"_et_pb_use_builder":"","_et_pb_old_content":"","_monsterinsights_skip_tracking":false,"_monsterinsights_sitenote_active":false,"_monsterinsights_sitenote_note":"","_monsterinsights_sitenote_category":0,"_joinchat":[],"footnotes":""},"categories":[2,13,3,6,4,5,9,22],"tags":[40],"class_list":["post-20135","post","type-post","status-publish","format-standard","has-post-thumbnail","hentry","category-administracion-local","category-grupo-a-titulo-grado-o-equivalente","category-grupo-c1-bachiller-o-tecnico-y-equivalentes","category-grupo-c2-titulo-eso-o-equivalente","category-oposiciones","category-locales","category-titulacion-acceso","category-universidad","tag-oposiciones-universidad"],"_links":{"self":[{"href":"https:\/\/lideropositor.com\/web\/wp-json\/wp\/v2\/posts\/20135"}],"collection":[{"href":"https:\/\/lideropositor.com\/web\/wp-json\/wp\/v2\/posts"}],"about":[{"href":"https:\/\/lideropositor.com\/web\/wp-json\/wp\/v2\/types\/post"}],"author":[{"embeddable":true,"href":"https:\/\/lideropositor.com\/web\/wp-json\/wp\/v2\/users\/2"}],"replies":[{"embeddable":true,"href":"https:\/\/lideropositor.com\/web\/wp-json\/wp\/v2\/comments?post=20135"}],"version-history":[{"count":2,"href":"https:\/\/lideropositor.com\/web\/wp-json\/wp\/v2\/posts\/20135\/revisions"}],"predecessor-version":[{"id":20421,"href":"https:\/\/lideropositor.com\/web\/wp-json\/wp\/v2\/posts\/20135\/revisions\/20421"}],"wp:featuredmedia":[{"embeddable":true,"href":"https:\/\/lideropositor.com\/web\/wp-json\/wp\/v2\/media\/20136"}],"wp:attachment":[{"href":"https:\/\/lideropositor.com\/web\/wp-json\/wp\/v2\/media?parent=20135"}],"wp:term":[{"taxonomy":"category","embeddable":true,"href":"https:\/\/lideropositor.com\/web\/wp-json\/wp\/v2\/categories?post=20135"},{"taxonomy":"post_tag","embeddable":true,"href":"https:\/\/lideropositor.com\/web\/wp-json\/wp\/v2\/tags?post=20135"}],"curies":[{"name":"wp","href":"https:\/\/api.w.org\/{rel}","templated":true}]}}