{"id":20012,"date":"2025-08-30T18:50:30","date_gmt":"2025-08-30T16:50:30","guid":{"rendered":"https:\/\/lideropositor.com\/web\/?p=20012"},"modified":"2025-09-13T09:08:53","modified_gmt":"2025-09-13T07:08:53","slug":"relacion-definitiva-de-personas-admitidas-y-excluidas-3118-plazas-escala-de-cabos-y-guardias-del-cuerpo-de-la-guardia-civil","status":"publish","type":"post","link":"https:\/\/lideropositor.com\/web\/relacion-definitiva-de-personas-admitidas-y-excluidas-3118-plazas-escala-de-cabos-y-guardias-del-cuerpo-de-la-guardia-civil\/","title":{"rendered":"Relaci\u00f3n Definitiva de Personas Admitidas y Excluidas 3118 Plazas Escala de Cabos y Guardias del Cuerpo de la Guardia Civil"},"content":{"rendered":"\n<p class=\"has-vivid-red-color has-text-color has-link-color wp-elements-b0f4e8197aac79b7d84fa9ec7f3ed293\"><strong>Preparaci\u00f3n integral en Modalidad Online (a trav\u00e9s de clases en directo con acceso a las grabaciones) o en modalidad Presencial. Inf\u00f3rmate a trav\u00e9s de los tel\u00e9fonos 951026027 \/ 722839704 o en info@lideropositor.com<\/strong><\/p>\n\n\n\n<p>En el BOE de 30 de Agosto de 2025 se ha publicado la Resoluci\u00f3n donde se anuncia la publicaci\u00f3n de la Relaci\u00f3n Definitiva de Personas Admitidas y Excluidas para la selecci\u00f3n de\u00a0<strong>3118 Plazas de la Escala de Cabos y Guardias del Cuerpo de la Guardia Civil.<\/strong><\/p>\n\n\n\n<p><a href=\"https:\/\/www.boe.es\/boe\/dias\/2025\/08\/30\/pdfs\/BOE-A-2025-17359.pdf\" target=\"_blank\" rel=\"noopener\">https:\/\/www.boe.es\/boe\/dias\/2025\/08\/30\/pdfs\/BOE-A-2025-17359.pdf<\/a><\/p>\n\n\n\n<p>En el BOE de 19 de Julio de 2025 se ha publicado la Resoluci\u00f3n donde se anuncia la publicaci\u00f3n de la Relaci\u00f3n Provisional de Personas Admitidas y Excluidas para la selecci\u00f3n de&nbsp;<strong>3118 Plazas de la Escala de Cabos y Guardias del Cuerpo de la Guardia Civil.<\/strong><\/p>\n\n\n\n<p>Se concede a los aspirantes un plazo de diez d\u00edas h\u00e1biles a contar desde el siguiente al de la publicaci\u00f3n de esta resoluci\u00f3n para subsanar los defectos que hayan motivado la exclusi\u00f3n, los errores en la asignaci\u00f3n del baremo o para efectuar las reclamaciones que estimen oportunas.&nbsp;<strong>El plazo va desde el 21 de Julio de 2025 al 01 de Agosto de 2025.<\/strong><\/p>\n\n\n\n<p><a href=\"https:\/\/www.boe.es\/boe\/dias\/2025\/07\/19\/pdfs\/BOE-A-2025-14978.pdf\" target=\"_blank\" rel=\"noopener\">https:\/\/www.boe.es\/boe\/dias\/2025\/07\/19\/pdfs\/BOE-A-2025-14978.pdf<\/a><\/p>\n\n\n\n<p><strong>La presentaci\u00f3n a las pruebas de conocimientos te\u00f3rico-pr\u00e1cticos y psicot\u00e9cnica se realizar\u00e1 el d\u00eda 6 de septiembre de 2025 en las sedes peninsulares e Illes Balears a las 7:30 horas y en las Islas Canarias a las 6:30 horas.<\/strong><\/p>\n\n\n\n<p>En el BOE de 28 de Mayo de 2025 se ha publicado la Apertura del plazo de solicitudes de <strong>3118 Plazas de la Escala de Cabos y Guardias del Cuerpo de la Guardia Civil<\/strong>.<\/p>\n\n\n\n<p><strong>La presentaci\u00f3n de solicitudes se desarrollar\u00e1 entre el 29 de Mayo de 2025 y el 18 de Junio de 2025.<\/strong><\/p>\n\n\n\n<p><a href=\"https:\/\/www.boe.es\/boe\/dias\/2025\/05\/28\/pdfs\/BOE-A-2025-10521.pdf\" target=\"_blank\" rel=\"noopener\">https:\/\/www.boe.es\/boe\/dias\/2025\/05\/28\/pdfs\/BOE-A-2025-10521.pdf<\/a><\/p>\n\n\n\n<p><strong>Tasas de Examen:<\/strong> 11.66 Euros.<\/p>\n\n\n\n<p><strong>La solicitud de admisi\u00f3n a este proceso se realizar\u00e1 por v\u00eda electr\u00f3nica a trav\u00e9s de la Sede Electr\u00f3nica de la Guardia Civil que puedes acceder en el siguiente Enlace:<\/strong><\/p>\n\n\n\n<p><a href=\"https:\/\/sede.guardiacivil.gob.es\" target=\"_blank\" rel=\"noopener\">https:\/\/sede.guardiacivil.gob.es<\/a><\/p>\n","protected":false},"excerpt":{"rendered":"<p>Preparaci\u00f3n integral en Modalidad Online (a trav\u00e9s de clases en directo con acceso a las grabaciones) o en modalidad Presencial. Inf\u00f3rmate a trav\u00e9s de los tel\u00e9fonos 951026027 \/ 722839704 o en info@lideropositor.com En el BOE de 30 de Agosto de 2025 se ha publicado la Resoluci\u00f3n donde se anuncia la publicaci\u00f3n de la Relaci\u00f3n Definitiva [&hellip;]<\/p>\n","protected":false},"author":2,"featured_media":20013,"comment_status":"open","ping_status":"open","sticky":false,"template":"","format":"standard","meta":{"_et_pb_use_builder":"","_et_pb_old_content":"","_monsterinsights_skip_tracking":false,"_monsterinsights_sitenote_active":false,"_monsterinsights_sitenote_note":"","_monsterinsights_sitenote_category":0,"_joinchat":[],"footnotes":""},"categories":[6,25,4,11,9],"tags":[46],"class_list":["post-20012","post","type-post","status-publish","format-standard","has-post-thumbnail","hentry","category-grupo-c2-titulo-eso-o-equivalente","category-guardia-civil","category-oposiciones","category-espana","category-titulacion-acceso","tag-oposiciones-guardia-civil"],"_links":{"self":[{"href":"https:\/\/lideropositor.com\/web\/wp-json\/wp\/v2\/posts\/20012"}],"collection":[{"href":"https:\/\/lideropositor.com\/web\/wp-json\/wp\/v2\/posts"}],"about":[{"href":"https:\/\/lideropositor.com\/web\/wp-json\/wp\/v2\/types\/post"}],"author":[{"embeddable":true,"href":"https:\/\/lideropositor.com\/web\/wp-json\/wp\/v2\/users\/2"}],"replies":[{"embeddable":true,"href":"https:\/\/lideropositor.com\/web\/wp-json\/wp\/v2\/comments?post=20012"}],"version-history":[{"count":4,"href":"https:\/\/lideropositor.com\/web\/wp-json\/wp\/v2\/posts\/20012\/revisions"}],"predecessor-version":[{"id":21018,"href":"https:\/\/lideropositor.com\/web\/wp-json\/wp\/v2\/posts\/20012\/revisions\/21018"}],"wp:featuredmedia":[{"embeddable":true,"href":"https:\/\/lideropositor.com\/web\/wp-json\/wp\/v2\/media\/20013"}],"wp:attachment":[{"href":"https:\/\/lideropositor.com\/web\/wp-json\/wp\/v2\/media?parent=20012"}],"wp:term":[{"taxonomy":"category","embeddable":true,"href":"https:\/\/lideropositor.com\/web\/wp-json\/wp\/v2\/categories?post=20012"},{"taxonomy":"post_tag","embeddable":true,"href":"https:\/\/lideropositor.com\/web\/wp-json\/wp\/v2\/tags?post=20012"}],"curies":[{"name":"wp","href":"https:\/\/api.w.org\/{rel}","templated":true}]}}