{"id":18627,"date":"2025-07-23T13:51:33","date_gmt":"2025-07-23T11:51:33","guid":{"rendered":"https:\/\/lideropositor.com\/web\/?p=18627"},"modified":"2025-07-24T20:59:08","modified_gmt":"2025-07-24T18:59:08","slug":"relacion-definitiva-de-personas-admitidas-y-excluidas-731-plazas-cuerpo-de-gestion-procesal-y-administrativa-de-la-administracion-de-justicia","status":"publish","type":"post","link":"https:\/\/lideropositor.com\/web\/relacion-definitiva-de-personas-admitidas-y-excluidas-731-plazas-cuerpo-de-gestion-procesal-y-administrativa-de-la-administracion-de-justicia\/","title":{"rendered":"Relaci\u00f3n Definitiva Personas Admitidas y Excluidas 731 Plazas Cuerpo de Gesti\u00f3n Procesal y Administrativa de la Administraci\u00f3n de Justicia"},"content":{"rendered":"\n<p>En el Bolet\u00edn Oficial del Estado de 23 de Julio de 2025 se ha publicado la Orden por la que se aprueba la Relaci\u00f3n Definitiva de Personas Admitidas y Excluidas para proveer\u00a0<strong>731 Plazas en el Cuerpo de\u00a0Gesti\u00f3n Procesal y Administrativa de la Administraci\u00f3n de Justicia.<\/strong><\/p>\n\n\n\n<p><a href=\"https:\/\/www.boe.es\/boe\/dias\/2025\/07\/23\/pdfs\/BOE-A-2025-15278.pdf\" target=\"_blank\" rel=\"noopener\">https:\/\/www.boe.es\/boe\/dias\/2025\/07\/23\/pdfs\/BOE-A-2025-15278.pdf<\/a><\/p>\n\n\n\n<p>En el Bolet\u00edn Oficial del Estado de 10 de Junio de 2025 se ha publicado la Orden por la que se aprueba la Relaci\u00f3n Provisional de Personas Admitidas y Excluidas para proveer&nbsp;<strong>731 Plazas en el Cuerpo de&nbsp;Gesti\u00f3n Procesal y Administrativa de la Administraci\u00f3n de Justicia.<\/strong><\/p>\n\n\n\n<p>El plazo del que disponen los candidatos para subsanar los errores o defectos de sus solicitudes, consiste en diez d\u00edas h\u00e1biles computados a partir de la publicaci\u00f3n de este anuncio en el Bolet\u00edn Oficial del Estado.&nbsp;<strong>El plazo va desde el 11 de Junio de 2025 al 24 de Junio de 2025.<\/strong><\/p>\n\n\n\n<p><strong>La fecha para la celebraci\u00f3n de los ejercicios de la fase de oposici\u00f3n ser\u00e1 el 27 de septiembre de 2025.<\/strong><\/p>\n\n\n\n<p><a href=\"https:\/\/www.boe.es\/boe\/dias\/2025\/06\/10\/pdfs\/BOE-A-2025-11657.pdf\" target=\"_blank\" rel=\"noopener\">https:\/\/www.boe.es\/boe\/dias\/2025\/06\/10\/pdfs\/BOE-A-2025-11657.pdf<\/a><\/p>\n\n\n\n<p>En el BOE de 19 de Diciembre de 2024 se ha publicado la Apertura del plazo de solicitudes para cubrir&nbsp;<strong>731 Plazas en el Cuerpo de<\/strong>&nbsp;<strong>Gesti\u00f3n Procesal y Administrativa de la Administraci\u00f3n de Justicia.<\/strong><\/p>\n\n\n\n<p><a href=\"https:\/\/www.boe.es\/boe\/dias\/2024\/12\/19\/pdfs\/BOE-A-2024-26507.pdf\" target=\"_blank\" rel=\"noopener\">https:\/\/www.boe.es\/boe\/dias\/2024\/12\/19\/pdfs\/BOE-A-2024-26507.pdf<\/a><\/p>\n\n\n\n<p><strong>La presentaci\u00f3n de solicitudes se desarrollar\u00e1 entre el 20 de diciembre de 2024 y el 21 de Enero de 2025.<\/strong><\/p>\n\n\n\n<p><strong>Tasas de Examen:<\/strong>&nbsp;23.33 Euros.<\/p>\n\n\n\n<p><strong>Quienes deseen participar en este proceso selectivo deber\u00e1n cumplimentar y presentar electr\u00f3nicamente el modelo oficial de solicitud de admisi\u00f3n a pruebas selectivas en la Administraci\u00f3n P\u00fablica y liquidaci\u00f3n de tasas de derechos de examen (modelo 790), que estar\u00e1 disponible en el servicio de Inscripci\u00f3n en Pruebas Selectivas (IPS), de acuerdo con las instrucciones que se indican, y al que puedes acceder a trav\u00e9s del siguiente Enlace:<\/strong><\/p>\n\n\n\n<p><a href=\"https:\/\/administracion.gob.es\/pag_Home\/empleoPublico\/ips.html\" target=\"_blank\" rel=\"noopener\">https:\/\/administracion.gob.es\/pag_Home\/empleoPublico\/ips.html<\/a><\/p>\n","protected":false},"excerpt":{"rendered":"<p>En el Bolet\u00edn Oficial del Estado de 23 de Julio de 2025 se ha publicado la Orden por la que se aprueba la Relaci\u00f3n Definitiva de Personas Admitidas y Excluidas para proveer\u00a0731 Plazas en el Cuerpo de\u00a0Gesti\u00f3n Procesal y Administrativa de la Administraci\u00f3n de Justicia. https:\/\/www.boe.es\/boe\/dias\/2025\/07\/23\/pdfs\/BOE-A-2025-15278.pdf En el Bolet\u00edn Oficial del Estado de 10 de [&hellip;]<\/p>\n","protected":false},"author":2,"featured_media":18628,"comment_status":"open","ping_status":"open","sticky":false,"template":"","format":"standard","meta":{"_et_pb_use_builder":"","_et_pb_old_content":"","_monsterinsights_skip_tracking":false,"_monsterinsights_sitenote_active":false,"_monsterinsights_sitenote_note":"","_monsterinsights_sitenote_category":0,"_joinchat":[],"footnotes":""},"categories":[21,13,4,11,9],"tags":[42],"class_list":["post-18627","post","type-post","status-publish","format-standard","has-post-thumbnail","hentry","category-administracion-de-justicia","category-grupo-a-titulo-grado-o-equivalente","category-oposiciones","category-espana","category-titulacion-acceso","tag-oposiciones-justicia"],"_links":{"self":[{"href":"https:\/\/lideropositor.com\/web\/wp-json\/wp\/v2\/posts\/18627"}],"collection":[{"href":"https:\/\/lideropositor.com\/web\/wp-json\/wp\/v2\/posts"}],"about":[{"href":"https:\/\/lideropositor.com\/web\/wp-json\/wp\/v2\/types\/post"}],"author":[{"embeddable":true,"href":"https:\/\/lideropositor.com\/web\/wp-json\/wp\/v2\/users\/2"}],"replies":[{"embeddable":true,"href":"https:\/\/lideropositor.com\/web\/wp-json\/wp\/v2\/comments?post=18627"}],"version-history":[{"count":3,"href":"https:\/\/lideropositor.com\/web\/wp-json\/wp\/v2\/posts\/18627\/revisions"}],"predecessor-version":[{"id":20694,"href":"https:\/\/lideropositor.com\/web\/wp-json\/wp\/v2\/posts\/18627\/revisions\/20694"}],"wp:featuredmedia":[{"embeddable":true,"href":"https:\/\/lideropositor.com\/web\/wp-json\/wp\/v2\/media\/18628"}],"wp:attachment":[{"href":"https:\/\/lideropositor.com\/web\/wp-json\/wp\/v2\/media?parent=18627"}],"wp:term":[{"taxonomy":"category","embeddable":true,"href":"https:\/\/lideropositor.com\/web\/wp-json\/wp\/v2\/categories?post=18627"},{"taxonomy":"post_tag","embeddable":true,"href":"https:\/\/lideropositor.com\/web\/wp-json\/wp\/v2\/tags?post=18627"}],"curies":[{"name":"wp","href":"https:\/\/api.w.org\/{rel}","templated":true}]}}