{"id":18567,"date":"2026-02-19T11:23:52","date_gmt":"2026-02-19T10:23:52","guid":{"rendered":"https:\/\/lideropositor.com\/web\/?p=18567"},"modified":"2026-03-13T20:27:31","modified_gmt":"2026-03-13T19:27:31","slug":"listado-definitivo-de-aspirantes-admitidos-y-excluidos-11-plazas-de-trabajador-a-social-diputacion-provincial-de-malaga","status":"publish","type":"post","link":"https:\/\/lideropositor.com\/web\/listado-definitivo-de-aspirantes-admitidos-y-excluidos-11-plazas-de-trabajador-a-social-diputacion-provincial-de-malaga\/","title":{"rendered":"Listado Definitivo Aspirantes Admitidos y Excluidos 11 Plazas de Trabajador\/a Social Diputaci\u00f3n Provincial de M\u00e1laga"},"content":{"rendered":"\n<p class=\"has-vivid-red-color has-text-color has-link-color wp-elements-5e991b2a0837828ce18eb69b28f0907d\"><strong>Preparaci\u00f3n en Modalidad Online (a trav\u00e9s de clases en directo con acceso a las grabaciones) o en modalidad Presencial del Temario General de Plazas ofertadas por Organismos Locales. Inf\u00f3rmate a trav\u00e9s de los tel\u00e9fonos 951026027 \/ 722839704 o en info@lideropositor.com<\/strong><\/p>\n\n\n\n<p>En el Bolet\u00edn Oficial de la Provincia de M\u00e1laga de 22 de Enero de 2026 se ha publicado el Edicto por el que se informa del lugar y hora de la celebraci\u00f3n del primer ejercicio te\u00f3rico para proveer&nbsp;<strong>11 Plazas de Trabajador\/a Social (3 Plazas reservada al Turno de Discapacidad)<\/strong> en la Diputaci\u00f3n Provincial de M\u00e1laga.<\/p>\n\n\n\n<p><strong>El primer ejercicio se realizar\u00e1 el pr\u00f3ximo 14\/04\/2026 en el CENTRO CULTURAL \u201cLA T\u00c9RMICA\u201d<br>(SALA: CANILLAS DE ALBAIDA) Y EN EL CENTRO CULTURAL \u201cLA T\u00c9RMICA\u201d (AUDITORIO EDGAR NEVILLE) a las 12:00.<\/strong><\/p>\n\n\n\n<p><a href=\"https:\/\/www.bopmalaga.es\/descarga.php?archivo=20260122-00201-2026-01.pdf\" target=\"_blank\" rel=\"noopener\">https:\/\/www.bopmalaga.es\/descarga.php?archivo=20260122-00201-2026-01.pdf<\/a><\/p>\n\n\n\n<p>En el Bolet\u00edn Oficial de la Provincia de M\u00e1laga de 19 de Febrero de 2026 se ha publicado el Edicto por el que se informa de una rectificaci\u00f3n del Listado Definitivo de Aspirantes Admitidos y Excluidos para proveer\u00a0<strong>11 Plazas de Trabajador\/a Social (3 Plazas reservada al Turno de Discapacidad)<\/strong> en la Diputaci\u00f3n Provincial de M\u00e1laga.<\/p>\n\n\n\n<p><a href=\"https:\/\/www.bopmalaga.es\/descarga.php?archivo=20260219-00601-2026-01.pdf\" target=\"_blank\" rel=\"noopener\">https:\/\/www.bopmalaga.es\/descarga.php?archivo=20260219-00601-2026-01.pdf<\/a><\/p>\n\n\n\n<p>En el Bolet\u00edn Oficial de la Provincia de M\u00e1laga de 08 de Enero de 2026 se ha publicado el Edicto por el que se aprueba el Listado Definitivo de Aspirantes Admitidos y Excluidos para proveer&nbsp;<strong>11 Plazas de Trabajador\/a Social (3 Plazas reservada al Turno de Discapacidad)<\/strong> en la Diputaci\u00f3n Provincial de M\u00e1laga.<\/p>\n\n\n\n<p><a href=\"https:\/\/www.bopmalaga.es\/descarga.php?archivo=20260108-05246-2025-01.pdf\" target=\"_blank\" rel=\"noopener\">https:\/\/www.bopmalaga.es\/descarga.php?archivo=20260108-05246-2025-01.pdf<\/a><\/p>\n\n\n\n<p>En el Bolet\u00edn Oficial de la Provincia de M\u00e1laga de 10 de Septiembre de 2025 se ha publicado el Edicto por el que se aprueba el Listado Provisional de Aspirantes Admitidos y Excluidos para proveer&nbsp;<strong>11 Plazas de Trabajador\/a Social (3 Plazas reservada al Turno de Discapacidad)<\/strong> en la Diputaci\u00f3n Provincial de M\u00e1laga.<\/p>\n\n\n\n<p>El plazo del que disponen los candidatos para subsanar los errores o defectos de sus solicitudes, consiste en diez d\u00edas h\u00e1biles computados a partir de la publicaci\u00f3n de este anuncio en el Bolet\u00edn Oficial de la Provincia de M\u00e1laga.&nbsp;<strong>El plazo va desde el 11 de Septiembre de 2025 al 24 de Septiembre de 2025.<\/strong><\/p>\n\n\n\n<p><a href=\"https:\/\/www.bopmalaga.es\/descarga.php?archivo=20250910-03451-2025-01.pdf\" target=\"_blank\" rel=\"noopener\">https:\/\/www.bopmalaga.es\/descarga.php?archivo=20250910-03451-2025-01.pdf<\/a><\/p>\n\n\n\n<p>En el BOE de 03 de Enero de 2025 se ha publicado la Apertura del plazo de solicitudes para proveer&nbsp;<strong>11 Plazas de Trabajador\/a Social (3 Plazas reservada al Turno de Discapacidad)<\/strong> en la Diputaci\u00f3n Provincial de M\u00e1laga.<\/p>\n\n\n\n<p><strong>La presentaci\u00f3n de solicitudes se desarrollar\u00e1 entre el 07 de Enero de 2025 y el 03 de Febrero de 2025.<\/strong><\/p>\n\n\n\n<p><a href=\"https:\/\/www.boe.es\/boe\/dias\/2025\/01\/03\/pdfs\/BOE-A-2025-120.pdf\" target=\"_blank\" rel=\"noopener\">https:\/\/www.boe.es\/boe\/dias\/2025\/01\/03\/pdfs\/BOE-A-2025-120.pdf<\/a><\/p>\n\n\n\n<p><strong>Las solicitudes se presentar\u00e1n preferentemente por v\u00eda electr\u00f3nica accediendo al tr\u00e1mite ofertas de empleo p\u00fablico Diputaci\u00f3n de M\u00e1laga, y siguiendo las instrucciones que se indiquen. Puedes acceder a trav\u00e9s del siguiente Enlace:<\/strong><\/p>\n\n\n\n<p><a href=\"https:\/\/www.malaga.es\/delegacionrecursoshumanos\/4739\/ofertas-de-empleo-publico\" target=\"_blank\" rel=\"noopener\">https:\/\/www.malaga.es\/delegacionrecursoshumanos\/4739\/ofertas-de-empleo-publico<\/a><\/p>\n\n\n\n<p>En el Bolet\u00edn oficial de la Provincia de M\u00e1laga de 05 de Diciembre de 2024, se han publicado las Bases de Convocatoria para proveer&nbsp;<strong>11 Plazas de Trabajador\/a Social (3 Plazas reservada al Turno de Discapacidad) <\/strong>en la Diputaci\u00f3n Provincial de M\u00e1laga.<\/p>\n\n\n\n<p><a href=\"https:\/\/lideropositor.com\/web\/wp-content\/uploads\/2024\/12\/Bases-Convocatoria-11-Plazas-Trabajador-a-Social-Diputacion-Provincial-de-Malaga.pdf\">https:\/\/lideropositor.com\/web\/wp-content\/uploads\/2024\/12\/Bases-Convocatoria-11-Plazas-Trabajador-a-Social-Diputacion-Provincial-de-Malaga.pdf<\/a><\/p>\n","protected":false},"excerpt":{"rendered":"<p>Preparaci\u00f3n en Modalidad Online (a trav\u00e9s de clases en directo con acceso a las grabaciones) o en modalidad Presencial del Temario General de Plazas ofertadas por Organismos Locales. Inf\u00f3rmate a trav\u00e9s de los tel\u00e9fonos 951026027 \/ 722839704 o en info@lideropositor.com En el Bolet\u00edn Oficial de la Provincia de M\u00e1laga de 22 de Enero de 2026 [&hellip;]<\/p>\n","protected":false},"author":2,"featured_media":18569,"comment_status":"open","ping_status":"open","sticky":false,"template":"","format":"standard","meta":{"_et_pb_use_builder":"","_et_pb_old_content":"","_monsterinsights_skip_tracking":false,"_monsterinsights_sitenote_active":false,"_monsterinsights_sitenote_note":"","_monsterinsights_sitenote_category":0,"_joinchat":[],"footnotes":""},"categories":[13,4,5,14,15,9],"tags":[37],"class_list":["post-18567","post","type-post","status-publish","format-standard","has-post-thumbnail","hentry","category-grupo-a-titulo-grado-o-equivalente","category-oposiciones","category-locales","category-oposiciones-malaga-capital","category-otras-plazas","category-titulacion-acceso","tag-oposiciones-ayuntamiento"],"_links":{"self":[{"href":"https:\/\/lideropositor.com\/web\/wp-json\/wp\/v2\/posts\/18567"}],"collection":[{"href":"https:\/\/lideropositor.com\/web\/wp-json\/wp\/v2\/posts"}],"about":[{"href":"https:\/\/lideropositor.com\/web\/wp-json\/wp\/v2\/types\/post"}],"author":[{"embeddable":true,"href":"https:\/\/lideropositor.com\/web\/wp-json\/wp\/v2\/users\/2"}],"replies":[{"embeddable":true,"href":"https:\/\/lideropositor.com\/web\/wp-json\/wp\/v2\/comments?post=18567"}],"version-history":[{"count":6,"href":"https:\/\/lideropositor.com\/web\/wp-json\/wp\/v2\/posts\/18567\/revisions"}],"predecessor-version":[{"id":22761,"href":"https:\/\/lideropositor.com\/web\/wp-json\/wp\/v2\/posts\/18567\/revisions\/22761"}],"wp:featuredmedia":[{"embeddable":true,"href":"https:\/\/lideropositor.com\/web\/wp-json\/wp\/v2\/media\/18569"}],"wp:attachment":[{"href":"https:\/\/lideropositor.com\/web\/wp-json\/wp\/v2\/media?parent=18567"}],"wp:term":[{"taxonomy":"category","embeddable":true,"href":"https:\/\/lideropositor.com\/web\/wp-json\/wp\/v2\/categories?post=18567"},{"taxonomy":"post_tag","embeddable":true,"href":"https:\/\/lideropositor.com\/web\/wp-json\/wp\/v2\/tags?post=18567"}],"curies":[{"name":"wp","href":"https:\/\/api.w.org\/{rel}","templated":true}]}}