{"id":16831,"date":"2024-11-07T16:45:15","date_gmt":"2024-11-07T15:45:15","guid":{"rendered":"https:\/\/lideropositor.com\/web\/?p=16831"},"modified":"2024-11-10T19:15:59","modified_gmt":"2024-11-10T18:15:59","slug":"relacion-provisional-de-aspirantes-admitidos-y-excluidos-24-plazas-de-la-escala-auxiliar-administrativa-universidad-de-jaen","status":"publish","type":"post","link":"https:\/\/lideropositor.com\/web\/relacion-provisional-de-aspirantes-admitidos-y-excluidos-24-plazas-de-la-escala-auxiliar-administrativa-universidad-de-jaen\/","title":{"rendered":"Relaci\u00f3n Provisional Aspirantes Admitidos y Excluidos 24 Plazas de la Escala Auxiliar Administrativa Universidad de Ja\u00e9n"},"content":{"rendered":"\n<p>En el Bolet\u00edn Oficial de la Junta de Andaluc\u00eda de 07 de Noviembre de 2024 se ha publicado la Resoluci\u00f3n por la que se aprueba la Relaci\u00f3n Provisional de Aspirantes Admitidos y Excluidos para proveer\u00a0<strong>24 Plazas de la Escala Auxiliar Administrativa (3 de ellas reservadas a personas con Discapacidad)<\/strong> de la universidad de Ja\u00e9n.<\/p>\n\n\n\n<p>El plazo del que disponen los candidatos para subsanar los errores o defectos de sus solicitudes, consiste en diez d\u00edas h\u00e1biles computados a partir de la publicaci\u00f3n de este anuncio en el Bolet\u00edn Oficial de la Junta de Andaluc\u00eda.\u00a0<strong>El plazo va desde el 08 de Noviembre de 2024 al 21 de Noviembre de 2024.<\/strong><\/p>\n\n\n\n<p><strong>Se convoca a los aspirantes admitidos, en llamamiento \u00fanico, a la celebraci\u00f3n del primer ejercicio que tendr\u00e1 lugar el d\u00eda 26 de enero de 2025, a las 10:00 horas, en el edificio B-4 del Campus Las Lagunillas.<\/strong><\/p>\n\n\n\n<p><a href=\"https:\/\/www.juntadeandalucia.es\/eboja\/2024\/217\/BOJA24-217-00029-53518-01_00310466.pdf\" target=\"_blank\" rel=\"noopener\">https:\/\/www.juntadeandalucia.es\/eboja\/2024\/217\/BOJA24-217-00029-53518-01_00310466.pdf<\/a><\/p>\n\n\n\n<p>En el Bolet\u00edn Oficial del Estado de 14 de Mayo de 2024 se ha publicado la Apertura del plazo de solicitudes y las Bases de Convocatoria para cubrir <strong>24 Plazas de la Escala Auxiliar Administrativa (3 de ellas reservadas a personas con Discapacidad) <\/strong>de la universidad de Ja\u00e9n.<\/p>\n\n\n\n<p><a href=\"https:\/\/www.boe.es\/boe\/dias\/2024\/05\/14\/pdfs\/BOE-A-2024-9659.pdf\" target=\"_blank\" rel=\"noopener\">https:\/\/www.boe.es\/boe\/dias\/2024\/05\/14\/pdfs\/BOE-A-2024-9659.pdf<\/a><\/p>\n\n\n\n<p><strong>La presentaci\u00f3n de solicitudes se desarrollar\u00e1 entre el 15 de Mayo de 2024 y el 11 de Junio de 2024.<\/strong><\/p>\n\n\n\n<p><strong>Tasas de Examen<\/strong>: 18 Euros.<\/p>\n\n\n\n<p><strong>Quienes deseen tomar parte en estas pruebas selectivas deber\u00e1n solicitarlo telem\u00e1ticamente, cumplimentando, obligatoriamente, la solicitud a trav\u00e9s de los medios electr\u00f3nicos habilitados para ello en la p\u00e1gina Web del Servicio de Personal de la Universidad de Ja\u00e9n al que puedes acceder a trav\u00e9s del siguiente Enlace:<\/strong><\/p>\n\n\n\n<p><a href=\"https:\/\/www.ujaen.es\/servicios\/servpod\/inscripcion-procesos-selectivos\" target=\"_blank\" rel=\"noopener\">https:\/\/www.ujaen.es\/servicios\/servpod\/inscripcion-procesos-selectivos<\/a><\/p>\n","protected":false},"excerpt":{"rendered":"<p>En el Bolet\u00edn Oficial de la Junta de Andaluc\u00eda de 07 de Noviembre de 2024 se ha publicado la Resoluci\u00f3n por la que se aprueba la Relaci\u00f3n Provisional de Aspirantes Admitidos y Excluidos para proveer\u00a024 Plazas de la Escala Auxiliar Administrativa (3 de ellas reservadas a personas con Discapacidad) de la universidad de Ja\u00e9n. El [&hellip;]<\/p>\n","protected":false},"author":2,"featured_media":16832,"comment_status":"open","ping_status":"open","sticky":false,"template":"","format":"standard","meta":{"_et_pb_use_builder":"","_et_pb_old_content":"","_monsterinsights_skip_tracking":false,"_monsterinsights_sitenote_active":false,"_monsterinsights_sitenote_note":"","_monsterinsights_sitenote_category":0,"_joinchat":[],"footnotes":""},"categories":[2,6,4,5,22],"tags":[40],"class_list":["post-16831","post","type-post","status-publish","format-standard","has-post-thumbnail","hentry","category-administracion-local","category-grupo-c2-titulo-eso-o-equivalente","category-oposiciones","category-locales","category-universidad","tag-oposiciones-universidad"],"_links":{"self":[{"href":"https:\/\/lideropositor.com\/web\/wp-json\/wp\/v2\/posts\/16831"}],"collection":[{"href":"https:\/\/lideropositor.com\/web\/wp-json\/wp\/v2\/posts"}],"about":[{"href":"https:\/\/lideropositor.com\/web\/wp-json\/wp\/v2\/types\/post"}],"author":[{"embeddable":true,"href":"https:\/\/lideropositor.com\/web\/wp-json\/wp\/v2\/users\/2"}],"replies":[{"embeddable":true,"href":"https:\/\/lideropositor.com\/web\/wp-json\/wp\/v2\/comments?post=16831"}],"version-history":[{"count":2,"href":"https:\/\/lideropositor.com\/web\/wp-json\/wp\/v2\/posts\/16831\/revisions"}],"predecessor-version":[{"id":18198,"href":"https:\/\/lideropositor.com\/web\/wp-json\/wp\/v2\/posts\/16831\/revisions\/18198"}],"wp:featuredmedia":[{"embeddable":true,"href":"https:\/\/lideropositor.com\/web\/wp-json\/wp\/v2\/media\/16832"}],"wp:attachment":[{"href":"https:\/\/lideropositor.com\/web\/wp-json\/wp\/v2\/media?parent=16831"}],"wp:term":[{"taxonomy":"category","embeddable":true,"href":"https:\/\/lideropositor.com\/web\/wp-json\/wp\/v2\/categories?post=16831"},{"taxonomy":"post_tag","embeddable":true,"href":"https:\/\/lideropositor.com\/web\/wp-json\/wp\/v2\/tags?post=16831"}],"curies":[{"name":"wp","href":"https:\/\/api.w.org\/{rel}","templated":true}]}}