{"id":15955,"date":"2023-12-27T17:23:03","date_gmt":"2023-12-27T16:23:03","guid":{"rendered":"https:\/\/lideropositor.com\/web\/?p=15955"},"modified":"2024-01-11T17:30:18","modified_gmt":"2024-01-11T16:30:18","slug":"oferta-empleo-publico-2023-personal-tecnico-de-gestion-y-de-administracion-y-servicios-universidad-de-sevilla","status":"publish","type":"post","link":"https:\/\/lideropositor.com\/web\/oferta-empleo-publico-2023-personal-tecnico-de-gestion-y-de-administracion-y-servicios-universidad-de-sevilla\/","title":{"rendered":"Oferta Empleo P\u00fablico 2023 Personal T\u00e9cnico, de Gesti\u00f3n y de Administraci\u00f3n y Servicios Universidad de Sevilla"},"content":{"rendered":"\n<p>En el Bolet\u00edn Oficial de la Junta de Andaluc\u00eda de 27 de Diciembre de 2023 se ha publicado la Oferta de Empleo P\u00fablico de 2023 del Personal T\u00e9cnico, de Gesti\u00f3n y de Administraci\u00f3n y Servicios de la universidad de Sevilla.<\/p>\n\n\n\n<p>Las Plazas ofertadas son las siguientes:<\/p>\n\n\n\n<ul class=\"wp-block-list\">\n<li><strong>4 Plazas Escala Auxiliar.<\/strong><\/li>\n\n\n\n<li><strong>17 Plazas Escala Gesti\u00f3n (Especialidad Inform\u00e1tica).<\/strong><\/li>\n\n\n\n<li><strong>9 Plazas de Ayudantes de Archivos, Bibliotecas y Museos.<\/strong><\/li>\n\n\n\n<li><strong>4 Plazas Escala Administrativa (Especialidad Inform\u00e1tica).<\/strong><\/li>\n\n\n\n<li><strong>44 Plazas T\u00e9cnico Auxiliar (Personal Laboral).<\/strong><\/li>\n\n\n\n<li><strong>4 Plazas de T\u00e9cnico Especialista (Personal Laboral).<\/strong><\/li>\n\n\n\n<li><strong>2 Plazas de Titulado Superior(Personal Laboral).<\/strong><\/li>\n<\/ul>\n\n\n\n<p><a href=\"https:\/\/www.juntadeandalucia.es\/eboja\/2023\/246\/BOJA23-246-00002-19373-01_00294571.pdf\" target=\"_blank\" rel=\"noopener\">https:\/\/www.juntadeandalucia.es\/eboja\/2023\/246\/BOJA23-246-00002-19373-01_00294571.pdf<\/a><\/p>\n","protected":false},"excerpt":{"rendered":"<p>En el Bolet\u00edn Oficial de la Junta de Andaluc\u00eda de 27 de Diciembre de 2023 se ha publicado la Oferta de Empleo P\u00fablico de 2023 del Personal T\u00e9cnico, de Gesti\u00f3n y de Administraci\u00f3n y Servicios de la universidad de Sevilla. Las Plazas ofertadas son las siguientes: https:\/\/www.juntadeandalucia.es\/eboja\/2023\/246\/BOJA23-246-00002-19373-01_00294571.pdf<\/p>\n","protected":false},"author":2,"featured_media":15956,"comment_status":"open","ping_status":"open","sticky":false,"template":"","format":"standard","meta":{"_et_pb_use_builder":"","_et_pb_old_content":"","_monsterinsights_skip_tracking":false,"_monsterinsights_sitenote_active":false,"_monsterinsights_sitenote_note":"","_monsterinsights_sitenote_category":0,"_joinchat":[],"footnotes":""},"categories":[2,13,3,6,4,5,15,9,22],"tags":[40],"class_list":["post-15955","post","type-post","status-publish","format-standard","has-post-thumbnail","hentry","category-administracion-local","category-grupo-a-titulo-grado-o-equivalente","category-grupo-c1-bachiller-o-tecnico-y-equivalentes","category-grupo-c2-titulo-eso-o-equivalente","category-oposiciones","category-locales","category-otras-plazas","category-titulacion-acceso","category-universidad","tag-oposiciones-universidad"],"_links":{"self":[{"href":"https:\/\/lideropositor.com\/web\/wp-json\/wp\/v2\/posts\/15955"}],"collection":[{"href":"https:\/\/lideropositor.com\/web\/wp-json\/wp\/v2\/posts"}],"about":[{"href":"https:\/\/lideropositor.com\/web\/wp-json\/wp\/v2\/types\/post"}],"author":[{"embeddable":true,"href":"https:\/\/lideropositor.com\/web\/wp-json\/wp\/v2\/users\/2"}],"replies":[{"embeddable":true,"href":"https:\/\/lideropositor.com\/web\/wp-json\/wp\/v2\/comments?post=15955"}],"version-history":[{"count":1,"href":"https:\/\/lideropositor.com\/web\/wp-json\/wp\/v2\/posts\/15955\/revisions"}],"predecessor-version":[{"id":15957,"href":"https:\/\/lideropositor.com\/web\/wp-json\/wp\/v2\/posts\/15955\/revisions\/15957"}],"wp:featuredmedia":[{"embeddable":true,"href":"https:\/\/lideropositor.com\/web\/wp-json\/wp\/v2\/media\/15956"}],"wp:attachment":[{"href":"https:\/\/lideropositor.com\/web\/wp-json\/wp\/v2\/media?parent=15955"}],"wp:term":[{"taxonomy":"category","embeddable":true,"href":"https:\/\/lideropositor.com\/web\/wp-json\/wp\/v2\/categories?post=15955"},{"taxonomy":"post_tag","embeddable":true,"href":"https:\/\/lideropositor.com\/web\/wp-json\/wp\/v2\/tags?post=15955"}],"curies":[{"name":"wp","href":"https:\/\/api.w.org\/{rel}","templated":true}]}}