{"id":12520,"date":"2023-03-03T13:48:55","date_gmt":"2023-03-03T12:48:55","guid":{"rendered":"https:\/\/lideropositor.com\/web\/?p=12520"},"modified":"2023-03-08T20:37:01","modified_gmt":"2023-03-08T19:37:01","slug":"listado-definitivo-de-personas-admitidas-y-excluidas-60-plazas-cuerpo-de-auxiliares-administrativos-junta-de-andalucia-para-personas-con-discapacidad-intelectual","status":"publish","type":"post","link":"https:\/\/lideropositor.com\/web\/listado-definitivo-de-personas-admitidas-y-excluidas-60-plazas-cuerpo-de-auxiliares-administrativos-junta-de-andalucia-para-personas-con-discapacidad-intelectual\/","title":{"rendered":"Listado Definitivo de Personas Admitidas y Excluidas 60 Plazas Cuerpo de Auxiliares Administrativos Junta de Andaluc\u00eda para personas con discapacidad intelectual"},"content":{"rendered":"\n<p>En el Bolet\u00edn Oficial de la Junta de Andaluc\u00eda de 03 de Marzo de 2023 se ha publicado la Resoluci\u00f3n por la que se aprueba el Listado Definitivo de Personas Admitidas y Excluidas para la selecci\u00f3n de <strong>60 Plazas\u00a0<\/strong>del Cuerpo de Auxiliares Administrativos de la Junta de Andaluc\u00eda, para personas con discapacidad intelectual. <\/p>\n\n\n\n<p><strong>Se Convoca a las personas admitidas para la realizaci\u00f3n del ejercicio el d\u00eda 25 de marzo de 2023, a las 10:00 horas.<\/strong><\/p>\n\n\n\n<p><strong>Puede consultar el Listado Provisional de Personas Admitidas y Excluidas a trav\u00e9s del siguiente Enlace:<\/strong><\/p>\n\n\n\n<p><a href=\"https:\/\/www.juntadeandalucia.es\/institutodeadministracionpublica\/servlet\/descarga?up=177647\" target=\"_blank\" rel=\"noopener\">https:\/\/www.juntadeandalucia.es\/institutodeadministracionpublica\/servlet\/descarga?up=177647<\/a><\/p>\n\n\n\n<div class=\"wp-block-file\"><a href=\"https:\/\/lideropositor.com\/web\/wp-content\/uploads\/2023\/03\/Listas-Definitivas-Personas-Admitidas-y-Excluidas-60-plazas-auxiliares-administrativos-personas-con-discapacidad-intelectual-Junta-de-Andaluc\u00eda.pdf\">Listas-Definitivas-Personas-Admitidas-y-Excluidas-60-plazas-auxiliares-administrativos-personas-con-discapacidad-intelectual-Junta-de-Andaluc\u00eda<\/a><a href=\"https:\/\/lideropositor.com\/web\/wp-content\/uploads\/2023\/03\/Listas-Definitivas-Personas-Admitidas-y-Excluidas-60-plazas-auxiliares-administrativos-personas-con-discapacidad-intelectual-Junta-de-Andaluc\u00eda.pdf\" class=\"wp-block-file__button\" download>Descarga<\/a><\/div>\n\n\n\n<p>En el Bolet\u00edn Oficial de la Junta de Andaluc\u00eda de 06 de Febrero de 2023 se ha publicado la Resoluci\u00f3n por la que se aprueba el Listado Provisional de Personas Admitidas y Excluidas para la selecci\u00f3n de <strong>60 Plazas\u00a0<\/strong>del Cuerpo de Auxiliares Administrativos de la Junta de Andaluc\u00eda, para personas con discapacidad intelectual.  <\/p>\n\n\n\n<p>Con objeto de subsanar las causas que hayan motivado la exclusi\u00f3n u  omisi\u00f3n de las citadas listas o cualquier otra incidencia, las personas  aspirantes dispondr\u00e1n de un plazo de diez d\u00edas h\u00e1biles contados a partir  del siguiente al de la publicaci\u00f3n de esta resoluci\u00f3n. <strong>El plazo va desde el 07 de Febrero de 2023 al 20 de Febrero de 2023.<\/strong><\/p>\n\n\n\n<p><strong>Puede consultar el Listado Provisional de Personas Admitidas y Excluidas a trav\u00e9s del siguiente Enlace:<\/strong><\/p>\n\n\n\n<p><a href=\"https:\/\/www.juntadeandalucia.es\/institutodeadministracionpublica\/servlet\/descarga?up=175689\" target=\"_blank\" rel=\"noopener\">https:\/\/www.juntadeandalucia.es\/institutodeadministracionpublica\/servlet\/descarga?up=175689<\/a><\/p>\n\n\n\n<div class=\"wp-block-file\"><a href=\"https:\/\/lideropositor.com\/web\/wp-content\/uploads\/2023\/02\/Listas-Provisionales-Personas-Admitidas-y-Excluidas-60-plazas-auxiliares-administrativos-personas-con-discapacidad-intelectual-Junta-de-Andaluc\u00eda.pdf\">Listas-Provisionales-Personas-Admitidas-y-Excluidas-60-plazas-auxiliares-administrativos-personas-con-discapacidad-intelectual-Junta-de-Andaluc\u00eda<\/a><a href=\"https:\/\/lideropositor.com\/web\/wp-content\/uploads\/2023\/02\/Listas-Provisionales-Personas-Admitidas-y-Excluidas-60-plazas-auxiliares-administrativos-personas-con-discapacidad-intelectual-Junta-de-Andaluc\u00eda.pdf\" class=\"wp-block-file__button\" download>Descarga<\/a><\/div>\n\n\n\n<p>En el Bolet\u00edn Oficial de la Junta de Andaluc\u00eda de 13 de Diciembre de 2022 se ha publicado la Apertura del plazo de solicitudes de<strong>&nbsp;60 Plazas&nbsp;<\/strong>del Cuerpo de Auxiliares Administrativos de la Junta de Andaluc\u00eda, para personas con discapacidad intelectual. <\/p>\n\n\n\n<div class=\"wp-block-file\"><a href=\"https:\/\/lideropositor.com\/web\/wp-content\/uploads\/2022\/12\/Bases-Convocatoria-y-Apertura-Plazo-Solicitudes-60-plazas-auxiliares-administrativos-personas-con-discapacidad-intelectual-Junta-de-Andaluc\u00eda.pdf\">Bases-Convocatoria-y-Apertura-Plazo-Solicitudes-60-plazas-auxiliares-administrativos-personas-con-discapacidad-intelectual-Junta-de-Andaluc\u00eda<\/a><a href=\"https:\/\/lideropositor.com\/web\/wp-content\/uploads\/2022\/12\/Bases-Convocatoria-y-Apertura-Plazo-Solicitudes-60-plazas-auxiliares-administrativos-personas-con-discapacidad-intelectual-Junta-de-Andaluc\u00eda.pdf\" class=\"wp-block-file__button\" download>Descarga<\/a><\/div>\n\n\n\n<p><strong>La presentaci\u00f3n de solicitudes se desarrollar\u00e1 entre el 14 de Diciembre de 2019 y el 13 de Enero de 2023.<\/strong><\/p>\n\n\n\n<p><strong>La presentaci\u00f3n de la solicitud se realizar\u00e1 exclusivamente de forma electr\u00f3nica, accediendo a la web del empleado p\u00fablico de Andaluc\u00eda en la secci\u00f3n \u00abProcesos selectivos\u00bb &gt; \u00abAcceso funcionarios\u00bb&gt;\u00abOferta P\u00fablica 2019-20-21\u00bb <\/strong><\/p>\n\n\n\n<p><a href=\"https:\/\/ws045.juntadeandalucia.es\/empleadopublico\/emp-detail-.html?p=\/Categorias_Principales\/&amp;s=\/Categorias_Principales\/Procesos_Selectivos\/Acceso_Funcionario\/OEP_2019_20_21\/&amp;c=125859\" target=\"_blank\" rel=\"noopener\">https:\/\/ws045.juntadeandalucia.es\/empleadopublico\/emp-detail-.html?p=\/Categorias_Principales\/&amp;s=\/Categorias_Principales\/Procesos_Selectivos\/Acceso_Funcionario\/OEP_2019_20_21\/&amp;c=125859<\/a><\/p>\n\n\n\n<p><\/p>\n","protected":false},"excerpt":{"rendered":"<p>En el Bolet\u00edn Oficial de la Junta de Andaluc\u00eda de 03 de Marzo de 2023 se ha publicado la Resoluci\u00f3n por la que se aprueba el Listado Definitivo de Personas Admitidas y Excluidas para la selecci\u00f3n de 60 Plazas\u00a0del Cuerpo de Auxiliares Administrativos de la Junta de Andaluc\u00eda, para personas con discapacidad intelectual. Se Convoca [&hellip;]<\/p>\n","protected":false},"author":2,"featured_media":12522,"comment_status":"open","ping_status":"open","sticky":false,"template":"","format":"standard","meta":{"_et_pb_use_builder":"off","_et_pb_old_content":"","_monsterinsights_skip_tracking":false,"_monsterinsights_sitenote_active":false,"_monsterinsights_sitenote_note":"","_monsterinsights_sitenote_category":0,"_joinchat":[],"footnotes":""},"categories":[19,6,4,20,9],"tags":[45],"class_list":["post-12520","post","type-post","status-publish","format-standard","has-post-thumbnail","hentry","category-cuerpos-administrativos","category-grupo-c2-titulo-eso-o-equivalente","category-oposiciones","category-andalucia","category-titulacion-acceso","tag-oposiciones-junta-de-andalucia"],"_links":{"self":[{"href":"https:\/\/lideropositor.com\/web\/wp-json\/wp\/v2\/posts\/12520"}],"collection":[{"href":"https:\/\/lideropositor.com\/web\/wp-json\/wp\/v2\/posts"}],"about":[{"href":"https:\/\/lideropositor.com\/web\/wp-json\/wp\/v2\/types\/post"}],"author":[{"embeddable":true,"href":"https:\/\/lideropositor.com\/web\/wp-json\/wp\/v2\/users\/2"}],"replies":[{"embeddable":true,"href":"https:\/\/lideropositor.com\/web\/wp-json\/wp\/v2\/comments?post=12520"}],"version-history":[{"count":3,"href":"https:\/\/lideropositor.com\/web\/wp-json\/wp\/v2\/posts\/12520\/revisions"}],"predecessor-version":[{"id":13274,"href":"https:\/\/lideropositor.com\/web\/wp-json\/wp\/v2\/posts\/12520\/revisions\/13274"}],"wp:featuredmedia":[{"embeddable":true,"href":"https:\/\/lideropositor.com\/web\/wp-json\/wp\/v2\/media\/12522"}],"wp:attachment":[{"href":"https:\/\/lideropositor.com\/web\/wp-json\/wp\/v2\/media?parent=12520"}],"wp:term":[{"taxonomy":"category","embeddable":true,"href":"https:\/\/lideropositor.com\/web\/wp-json\/wp\/v2\/categories?post=12520"},{"taxonomy":"post_tag","embeddable":true,"href":"https:\/\/lideropositor.com\/web\/wp-json\/wp\/v2\/tags?post=12520"}],"curies":[{"name":"wp","href":"https:\/\/api.w.org\/{rel}","templated":true}]}}