{"id":12476,"date":"2024-03-18T19:53:15","date_gmt":"2024-03-18T18:53:15","guid":{"rendered":"https:\/\/lideropositor.com\/web\/?p=12476"},"modified":"2024-03-22T18:31:20","modified_gmt":"2024-03-22T17:31:20","slug":"listado-definitivo-de-aspirantes-admitidos-y-excluidos-1-plaza-de-tecnico-a-medio-gestion-diputacion-provincial-de-malaga","status":"publish","type":"post","link":"https:\/\/lideropositor.com\/web\/listado-definitivo-de-aspirantes-admitidos-y-excluidos-1-plaza-de-tecnico-a-medio-gestion-diputacion-provincial-de-malaga\/","title":{"rendered":"Listado Definitivo de Aspirantes Admitidos y Excluidos 1 Plaza de T\u00e9cnico\/a Medio Gesti\u00f3n Diputaci\u00f3n Provincial de M\u00e1laga."},"content":{"rendered":"\n<p class=\"has-vivid-red-color has-text-color\"><strong>Preparaci\u00f3n en Modalidad Online (a trav\u00e9s de clases en directo con acceso a las grabaciones) o en modalidad Presencial del Temario  General de Plazas  ofertadas por Organismos Locales. Inf\u00f3rmate a trav\u00e9s  de los tel\u00e9fonos 951026027 \/ 722839704 o en info@lideropositor.com<\/strong> <\/p>\n\n\n\n<p>En el Bolet\u00edn Oficial de la Provincia de M\u00e1laga de 18 de Marzo de 2024 se ha publicado el Edicto por el que se aprueba el Listado Definitivo de Aspirantes Admitidos y Excluidos para proveer\u00a0<strong>1 Plaza de T\u00e9cnico\/a Medio Gesti\u00f3n<\/strong> en la Diputaci\u00f3n Provincial de M\u00e1laga.    <\/p>\n\n\n\n<p><a href=\"https:\/\/www.bopmalaga.es\/descarga.php?archivo=20240318-00978-2024-00.pdf\" target=\"_blank\" rel=\"noopener\">https:\/\/www.bopmalaga.es\/descarga.php?archivo=20240318-00978-2024-00.pdf<\/a><\/p>\n\n\n\n<p>En el Bolet\u00edn Oficial de la Provincia de M\u00e1laga de 03 de Mayo de 2023 se ha publicado el Edicto por el que se aprueba el Listado Provisional de Aspirantes Admitidos y Excluidos para proveer\u00a0<strong>1 Plaza de T\u00e9cnico\/a Medio Gesti\u00f3n<\/strong> en la Diputaci\u00f3n Provincial de M\u00e1laga.    <\/p>\n\n\n\n<p>El plazo del que disponen los candidatos para subsanar los errores o          defectos de sus solicitudes, consiste en diez d\u00edas h\u00e1biles   computados  a    partir de la publicaci\u00f3n de este anuncio en el Bolet\u00edn   Oficial de  la    Provincia de M\u00e1laga.&nbsp;<strong>El plazo va desde el 04 de Mayo de 2023 al 17 de Mayo de 2023.<\/strong><\/p>\n\n\n\n<div class=\"wp-block-file\"><a id=\"wp-block-file--media-d3478278-0620-4cec-8555-9f5a03880214\" href=\"https:\/\/lideropositor.com\/web\/wp-content\/uploads\/2023\/05\/Listado-Provisional-Aspirantes-Admitidos-y-Excluidos-1-Plaza-T\u00e9cnico-a-Medio-Gesti\u00f3n-Diputaci\u00f3n-Provincial-de-M\u00e1laga.pdf\">Listado-Provisional-Aspirantes-Admitidos-y-Excluidos-1-Plaza-T\u00e9cnico-a-Medio-Gesti\u00f3n-Diputaci\u00f3n-Provincial-de-M\u00e1laga<\/a><a href=\"https:\/\/lideropositor.com\/web\/wp-content\/uploads\/2023\/05\/Listado-Provisional-Aspirantes-Admitidos-y-Excluidos-1-Plaza-T\u00e9cnico-a-Medio-Gesti\u00f3n-Diputaci\u00f3n-Provincial-de-M\u00e1laga.pdf\" class=\"wp-block-file__button wp-element-button\" aria-describedby=\"wp-block-file--media-d3478278-0620-4cec-8555-9f5a03880214\" download>Descarga<\/a><\/div>\n\n\n\n<p>En el BOE de 23 de Febrero de 2023 se ha publicado la Apertura del plazo de solicitudes para proveer&nbsp;<strong>1 Plaza de T\u00e9cnico\/a Medio Gesti\u00f3n<\/strong> en la Diputaci\u00f3n Provincial de M\u00e1laga.  <\/p>\n\n\n\n<p><strong>La presentaci\u00f3n de solicitudes se desarrollar\u00e1 entre el 24 de Febrero de 2023 y el 24 de Marzo de 2023.<\/strong><\/p>\n\n\n\n<div class=\"wp-block-file\"><a id=\"wp-block-file--media-508737e6-09e0-424a-b8c8-8d2abfa7ea6b\" href=\"https:\/\/lideropositor.com\/web\/wp-content\/uploads\/2023\/02\/Apertura-Plazo-Solicitudes-1-Plaza-T\u00e9cnico-a-Medio-Gesti\u00f3n-Diputaci\u00f3n-Provincial-de-M\u00e1laga.pdf\">Apertura-Plazo-Solicitudes-1-Plaza-T\u00e9cnico-a-Medio-Gesti\u00f3n-Diputaci\u00f3n-Provincial-de-M\u00e1laga<\/a><a href=\"https:\/\/lideropositor.com\/web\/wp-content\/uploads\/2023\/02\/Apertura-Plazo-Solicitudes-1-Plaza-T\u00e9cnico-a-Medio-Gesti\u00f3n-Diputaci\u00f3n-Provincial-de-M\u00e1laga.pdf\" class=\"wp-block-file__button wp-element-button\" aria-describedby=\"wp-block-file--media-508737e6-09e0-424a-b8c8-8d2abfa7ea6b\" download>Descarga<\/a><\/div>\n\n\n\n<p>En el Bolet\u00edn Oficial de la Provincia de M\u00e1laga de 09 de Diciembre de  2022 se ha publicado el anuncio de aprobaci\u00f3n de las Bases de  Convocatoria para la provisi\u00f3n de<strong> 1 Plaza de T\u00e9cnico\/a Medio Gesti\u00f3n<\/strong> en la Diputaci\u00f3n Provincial de M\u00e1laga.<\/p>\n\n\n\n<p>Las solicitudes se presentar\u00e1n preferentemente por v\u00eda electr\u00f3nica  \naccediendo al tr\u00e1mite OEPs 2017\/2018, y siguiendo las instrucciones que \n se indiquen. a trav\u00e9s del siguiente Enlace:<\/p>\n\n\n\n<p><a href=\"https:\/\/sede.malaga.es\/\" target=\"_blank\" rel=\"noopener\">https:\/\/sede.malaga.es\/<\/a><\/p>\n\n\n\n<p><strong>Durante el plazo de presentaci\u00f3n de solicitudes se pondr\u00e1 a  \ndisposici\u00f3n de los\/as aspirantes en la siguinet web, una gu\u00eda con las  \ninstrucciones a seguir para la correcta cumplimentaci\u00f3n de la solicitud,\n  con todos sus anexos y procedimiento para el abono de la tasa de  \nderechos de examen.<\/strong><\/p>\n\n\n\n<p><a href=\"https:\/\/www.malaga.es\/recursoshumanos\/8859\/oeps-2017\/2018\" target=\"_blank\" rel=\"noopener\">https:\/\/www.malaga.es\/recursoshumanos\/8859\/oeps-2017\/2018<\/a><\/p>\n\n\n\n<div class=\"wp-block-file\"><a id=\"wp-block-file--media-3b1f8151-8f43-46b9-b7d9-99185724b149\" href=\"https:\/\/lideropositor.com\/web\/wp-content\/uploads\/2022\/12\/Bases-Convocatoria-1-Plaza-T\u00e9cnico-a-Medio-Gesti\u00f3n-Diputaci\u00f3n-Provincial-de-M\u00e1laga-P\u00e1ginas-1-a-23-y-60-63.pdf\">Bases-Convocatoria-1-Plaza-T\u00e9cnico-a-Medio-Gesti\u00f3n-Diputaci\u00f3n-Provincial-de-M\u00e1laga-P\u00e1ginas-1-a-23-y-60-63<\/a><a href=\"https:\/\/lideropositor.com\/web\/wp-content\/uploads\/2022\/12\/Bases-Convocatoria-1-Plaza-T\u00e9cnico-a-Medio-Gesti\u00f3n-Diputaci\u00f3n-Provincial-de-M\u00e1laga-P\u00e1ginas-1-a-23-y-60-63.pdf\" class=\"wp-block-file__button wp-element-button\" aria-describedby=\"wp-block-file--media-3b1f8151-8f43-46b9-b7d9-99185724b149\" download>Descarga<\/a><\/div>\n","protected":false},"excerpt":{"rendered":"<p>Preparaci\u00f3n en Modalidad Online (a trav\u00e9s de clases en directo con acceso a las grabaciones) o en modalidad Presencial del Temario General de Plazas ofertadas por Organismos Locales. Inf\u00f3rmate a trav\u00e9s de los tel\u00e9fonos 951026027 \/ 722839704 o en info@lideropositor.com En el Bolet\u00edn Oficial de la Provincia de M\u00e1laga de 18 de Marzo de 2024 [&hellip;]<\/p>\n","protected":false},"author":2,"featured_media":12478,"comment_status":"open","ping_status":"open","sticky":false,"template":"","format":"standard","meta":{"_et_pb_use_builder":"off","_et_pb_old_content":"","_monsterinsights_skip_tracking":false,"_monsterinsights_sitenote_active":false,"_monsterinsights_sitenote_note":"","_monsterinsights_sitenote_category":0,"_joinchat":[],"footnotes":""},"categories":[13,4,5,14,15,9],"tags":[37],"class_list":["post-12476","post","type-post","status-publish","format-standard","has-post-thumbnail","hentry","category-grupo-a-titulo-grado-o-equivalente","category-oposiciones","category-locales","category-oposiciones-malaga-capital","category-otras-plazas","category-titulacion-acceso","tag-oposiciones-ayuntamiento"],"_links":{"self":[{"href":"https:\/\/lideropositor.com\/web\/wp-json\/wp\/v2\/posts\/12476"}],"collection":[{"href":"https:\/\/lideropositor.com\/web\/wp-json\/wp\/v2\/posts"}],"about":[{"href":"https:\/\/lideropositor.com\/web\/wp-json\/wp\/v2\/types\/post"}],"author":[{"embeddable":true,"href":"https:\/\/lideropositor.com\/web\/wp-json\/wp\/v2\/users\/2"}],"replies":[{"embeddable":true,"href":"https:\/\/lideropositor.com\/web\/wp-json\/wp\/v2\/comments?post=12476"}],"version-history":[{"count":4,"href":"https:\/\/lideropositor.com\/web\/wp-json\/wp\/v2\/posts\/12476\/revisions"}],"predecessor-version":[{"id":16442,"href":"https:\/\/lideropositor.com\/web\/wp-json\/wp\/v2\/posts\/12476\/revisions\/16442"}],"wp:featuredmedia":[{"embeddable":true,"href":"https:\/\/lideropositor.com\/web\/wp-json\/wp\/v2\/media\/12478"}],"wp:attachment":[{"href":"https:\/\/lideropositor.com\/web\/wp-json\/wp\/v2\/media?parent=12476"}],"wp:term":[{"taxonomy":"category","embeddable":true,"href":"https:\/\/lideropositor.com\/web\/wp-json\/wp\/v2\/categories?post=12476"},{"taxonomy":"post_tag","embeddable":true,"href":"https:\/\/lideropositor.com\/web\/wp-json\/wp\/v2\/tags?post=12476"}],"curies":[{"name":"wp","href":"https:\/\/api.w.org\/{rel}","templated":true}]}}